{"id":6052,"date":"2026-09-01T09:55:22","date_gmt":"2026-09-01T07:55:22","guid":{"rendered":"https:\/\/ambcopenaghen.esteri.it\/?p=6052"},"modified":"2026-09-01T12:45:36","modified_gmt":"2026-09-01T10:45:36","slug":"elezioni-comites-2026","status":"publish","type":"post","link":"https:\/\/ambcopenaghen.esteri.it\/it\/news\/dall_ambasciata\/2026\/09\/elezioni-comites-2026\/","title":{"rendered":"Elezioni Comites 2026"},"content":{"rendered":"<p>&nbsp;<\/p>\n<p>Si informa che, al fine di agevolare la sottoscrizione delle liste e le relative autentiche, gli interessati potranno recarsi presso la Cancelleria Consolare dell\u2019Ambasciata nei seguenti giorni:<\/p>\n<ul>\n<li><strong>marted\u00ec 1, 8 e 15 settembre dalle ore 14:00 alle 16:00;<\/strong><\/li>\n<li><strong>mercoled\u00ec 2 settembre dalle ore 14:00 alle 16:00;<\/strong><\/li>\n<li><strong>mercoled\u00ec 9 e 16 settembre dalle ore 14:00 alle 18:00.<\/strong><\/li>\n<\/ul>\n<p><strong>Inoltre, sar\u00e0 possibile presentarsi presso l\u2019Istituto Italiano di Cultura marted\u00ec 8 settembre dalle ore 14:00 alle ore 16:00.<\/strong><\/p>\n<p>Per ulteriori informazioni, \u00e8 possibile contattare la Cancelleria Consolare all\u2019indirizzo e-mail: <a class=\"focus--mouse\" href=\"mailto:ambcopenaghen.navigazione@esteri.it\" data-focus-mouse=\"true\"><strong>ambcopenaghen.elettorale@esteri.it<\/strong><\/a><\/p>\n<p>Al momento della firma, il sottoscrittore dovr\u00e0 essere identificato tramite un documento di riconoscimento (passaporto o carta d\u2019identit\u00e0), purch\u00e9 munito di fotografia del titolare e rilasciato da una pubblica amministrazione italiana o di altri Stati.<\/p>\n<p>Nelle stesse date, si potr\u00e0 consegnare il <strong><a href=\"https:\/\/ambcopenaghen.esteri.it\/wp-content\/uploads\/2026\/09\/Elezioni_Comites_Domanda_iscrizione_2026.pdf\" target=\"_blank\" rel=\"noopener\">Modulo per l\u2019iscrizione nell\u2019elenco elettorale<\/a><\/strong> per le elezioni dei Com.It.Es, con allegata copia di un documento di riconoscimento in corso di validit\u00e0.<\/p>\n<p>&nbsp;<\/p>\n","protected":false},"excerpt":{"rendered":"&nbsp; Si informa che, al fine di agevolare la sottoscrizione delle liste e le relative autentiche, gli interessati potranno recarsi presso la Cancelleria Consolare dell\u2019Ambasciata nei seguenti giorni: marted\u00ec 1, 8 e 15 settembre dalle ore 14:00 alle 16:00; mercoled\u00ec 2 settembre dalle ore 14:00 alle 16:00; mercoled\u00ec 9 e 16 settembre dalle ore 14:00 [&hellip;]","protected":false},"author":6,"featured_media":5901,"comment_status":"closed","ping_status":"closed","sticky":false,"template":"","format":"standard","meta":{"footnotes":""},"tags":[11],"class_list":["post-6052","post","type-post","status-publish","format-standard","has-post-thumbnail","hentry","tag-elezioni"],"_links":{"self":[{"href":"https:\/\/ambcopenaghen.esteri.it\/it\/wp-json\/wp\/v2\/posts\/6052","targetHints":{"allow":["GET"]}}],"collection":[{"href":"https:\/\/ambcopenaghen.esteri.it\/it\/wp-json\/wp\/v2\/posts"}],"about":[{"href":"https:\/\/ambcopenaghen.esteri.it\/it\/wp-json\/wp\/v2\/types\/post"}],"author":[{"embeddable":true,"href":"https:\/\/ambcopenaghen.esteri.it\/it\/wp-json\/wp\/v2\/users\/6"}],"replies":[{"embeddable":true,"href":"https:\/\/ambcopenaghen.esteri.it\/it\/wp-json\/wp\/v2\/comments?post=6052"}],"version-history":[{"count":3,"href":"https:\/\/ambcopenaghen.esteri.it\/it\/wp-json\/wp\/v2\/posts\/6052\/revisions"}],"predecessor-version":[{"id":6067,"href":"https:\/\/ambcopenaghen.esteri.it\/it\/wp-json\/wp\/v2\/posts\/6052\/revisions\/6067"}],"wp:featuredmedia":[{"embeddable":true,"href":"https:\/\/ambcopenaghen.esteri.it\/it\/wp-json\/wp\/v2\/media\/5901"}],"wp:attachment":[{"href":"https:\/\/ambcopenaghen.esteri.it\/it\/wp-json\/wp\/v2\/media?parent=6052"}],"wp:term":[{"taxonomy":"post_tag","embeddable":true,"href":"https:\/\/ambcopenaghen.esteri.it\/it\/wp-json\/wp\/v2\/tags?post=6052"}],"curies":[{"name":"wp","href":"https:\/\/api.w.org\/{rel}","templated":true}]}}