{"id":5474,"date":"2026-04-29T14:49:57","date_gmt":"2026-04-29T12:49:57","guid":{"rendered":"https:\/\/ambcopenaghen.esteri.it\/?p=5474"},"modified":"2026-04-29T14:49:57","modified_gmt":"2026-04-29T12:49:57","slug":"avviso-allutenza-sospensione-temporanea-dei-servizi-consolari-11-12-maggio-2026","status":"publish","type":"post","link":"https:\/\/ambcopenaghen.esteri.it\/it\/news\/dall_ambasciata\/2026\/04\/avviso-allutenza-sospensione-temporanea-dei-servizi-consolari-11-12-maggio-2026\/","title":{"rendered":"AVVISO ALL\u2019UTENZA \u2013 Sospensione temporanea dei servizi consolari (11\u201312 maggio 2026)"},"content":{"rendered":"<p style=\"text-align: left;\">Si informano i gentili utenti che, nei giorni 11 e 12 maggio 2026, il ricevimento del pubblico per l\u2019erogazione dei servizi della Cancelleria consolare sar\u00e0 sospeso a causa di un intervento di manutenzione programmata degli applicativi informatici.<\/p>\n<p style=\"text-align: left;\">\nL\u2019intervento tecnico, necessario al miglioramento dei sistemi, comporter\u00e0 la temporanea sospensione delle attivit\u00e0 di ricezione e trattazione delle pratiche, nonch\u00e9 dell\u2019erogazione di tutti i servizi consolari.<\/p>\n<p style=\"text-align: left;\">\nI servizi saranno garantiti fino a venerd\u00ec 8 maggio 2026 e riprenderanno regolarmente a partire da mercoled\u00ec 13 maggio 2026, secondo le consuete modalit\u00e0 di ricevimento del pubblico.<br \/>\nAl fine di limitare i disagi per l\u2019utenza, gli appuntamenti gi\u00e0 programmati sono stati ripianificati nei giorni immediatamente precedenti o successivi al periodo di sospensione, con particolare attenzione alle situazioni di comprovata urgenza.<\/p>\n","protected":false},"excerpt":{"rendered":"Si informano i gentili utenti che, nei giorni 11 e 12 maggio 2026, il ricevimento del pubblico per l\u2019erogazione dei servizi della Cancelleria consolare sar\u00e0 sospeso a causa di un intervento di manutenzione programmata degli applicativi informatici. L\u2019intervento tecnico, necessario al miglioramento dei sistemi, comporter\u00e0 la temporanea sospensione delle attivit\u00e0 di ricezione e trattazione delle [&hellip;]","protected":false},"author":4,"featured_media":0,"comment_status":"closed","ping_status":"closed","sticky":false,"template":"","format":"standard","meta":{"footnotes":""},"tags":[],"class_list":["post-5474","post","type-post","status-publish","format-standard","hentry"],"_links":{"self":[{"href":"https:\/\/ambcopenaghen.esteri.it\/it\/wp-json\/wp\/v2\/posts\/5474","targetHints":{"allow":["GET"]}}],"collection":[{"href":"https:\/\/ambcopenaghen.esteri.it\/it\/wp-json\/wp\/v2\/posts"}],"about":[{"href":"https:\/\/ambcopenaghen.esteri.it\/it\/wp-json\/wp\/v2\/types\/post"}],"author":[{"embeddable":true,"href":"https:\/\/ambcopenaghen.esteri.it\/it\/wp-json\/wp\/v2\/users\/4"}],"replies":[{"embeddable":true,"href":"https:\/\/ambcopenaghen.esteri.it\/it\/wp-json\/wp\/v2\/comments?post=5474"}],"version-history":[{"count":3,"href":"https:\/\/ambcopenaghen.esteri.it\/it\/wp-json\/wp\/v2\/posts\/5474\/revisions"}],"predecessor-version":[{"id":5479,"href":"https:\/\/ambcopenaghen.esteri.it\/it\/wp-json\/wp\/v2\/posts\/5474\/revisions\/5479"}],"wp:attachment":[{"href":"https:\/\/ambcopenaghen.esteri.it\/it\/wp-json\/wp\/v2\/media?parent=5474"}],"wp:term":[{"taxonomy":"post_tag","embeddable":true,"href":"https:\/\/ambcopenaghen.esteri.it\/it\/wp-json\/wp\/v2\/tags?post=5474"}],"curies":[{"name":"wp","href":"https:\/\/api.w.org\/{rel}","templated":true}]}}