{"id":1546,"date":"2014-02-05T09:01:44","date_gmt":"2014-02-05T07:01:44","guid":{"rendered":"https:\/\/ambcopenaghen.esteri.it\/news\/dall_ambasciata\/2014\/02\/evento-gambero-rosso\/"},"modified":"2014-02-05T09:01:44","modified_gmt":"2014-02-05T07:01:44","slug":"evento-gambero-rosso","status":"publish","type":"post","link":"https:\/\/ambcopenaghen.esteri.it\/it\/news\/dall_ambasciata\/2014\/02\/evento-gambero-rosso\/","title":{"rendered":"POSITIVO RISCONTRO\u00a0IN DANIMARCA DEL &#8220;VINI D&#8217;ITALIA TOUR&#8221; ORGANIZZATO DAL GAMBERO ROSSO \u00a0"},"content":{"rendered":"<p><P>\u00a0<\/P><P>La Scandinavia, e la Danimarca in particolare, confermano le grandi soddisfazioni riscosse negli ultimi anni dai vini italiani sui mercati nordici, che puntano molto alla qualit\u00e0. A Copenaghen l&#8217;incontro fra domanda e offerta si \u00e8 svolto presso il prestigioso Molktes Pal\u00e6, nel centro storico della capitale, ed ha visto una nutrita partecipazione, con oltre 500 ospiti tra importatori, giornalisti e professionisti del settore. Pi\u00f9 che confortanti i dati: le importazioni di vino italiano in Danimarca sono aumentate del 7,4% nei primi 10 mesi del 2013 rispetto allo stesso periodo 2012. Il tour del Gambero Rosso prevedeva anche una visita ad uno dei pi\u00f9 rinomati ristoranti italiani di Copenaghen, il San Giorgio, che ha sede nella palazzina ottocentesca dove visse il filosofo S\u00f8ren Kirkegaard.<BR>Per maggiori informazioni: <BR><A href=\"http:\/\/www.gamberorosso.it\/component\/k2\/item\/1019004-viaggio-in-scandinavia-tre-tappe-per-tre-storie?highlight=WyJtZWxpcyJd#prettyPhoto\">http:\/\/www.gamberorosso.it\/component\/k2\/item\/1019004-viaggio-in-scandinavia-tre-tappe-per-tre-storie?highlight=WyJtZWxpcyJd#prettyPhoto<\/A><BR><BR><IMG style=\"HEIGHT: 766px; WIDTH: 552px\" border=\"0\" alt=\"Evento enologico al Molktes Pal\u00e6\" src=\"\/resource\/2014\/02\/MolktesPalae1.jpg\" width=\"552\" height=\"764\"><BR><EM>Il pubblico ha mostrato grande interesse per l&#8217;evento del Gambero Rosso a Copenaghen<\/EM><BR><BR><IMG style=\"HEIGHT: 778px; WIDTH: 600px\" border=\"0\" alt=\"Amb. Stefano QUeirolo Palmas all'evento del Gambero Rosso\" src=\"\/resource\/2014\/02\/AmbQueiroloPalmas.jpg\" width=\"607\" height=\"775\"><BR><EM>L&#8217;Ambasciatore Stefano Queirolo Palmas al Molktes Pal\u00e6<\/EM><BR><BR><IMG style=\"HEIGHT: 538px; WIDTH: 624px\" border=\"0\" alt=\"Sala Molktes Pal\u00e6\" src=\"\/resource\/2014\/02\/SalaMolktesPal.jpg\" width=\"884\" height=\"739\"><BR><EM>Una delle affollate sale dell&#8217;elegante Molktes Pal\u00e6, nel quartiere storico di Frederiksstad (centro di Copenaghen).<\/EM><\/P><\/p>\n","protected":false},"excerpt":{"rendered":"\u00a0La Scandinavia, e la Danimarca in particolare, confermano le grandi soddisfazioni riscosse negli ultimi anni dai vini italiani sui mercati nordici, che puntano molto alla qualit\u00e0. A Copenaghen l&#8217;incontro fra domanda e offerta si \u00e8 svolto presso il prestigioso Molktes Pal\u00e6, nel centro storico della capitale, ed ha visto una nutrita partecipazione, con oltre 500 [&hellip;]","protected":false},"author":1,"featured_media":0,"comment_status":"","ping_status":"","sticky":false,"template":"","format":"standard","meta":{"footnotes":""},"tags":[],"class_list":["post-1546","post","type-post","status-publish","format-standard","hentry"],"_links":{"self":[{"href":"https:\/\/ambcopenaghen.esteri.it\/it\/wp-json\/wp\/v2\/posts\/1546","targetHints":{"allow":["GET"]}}],"collection":[{"href":"https:\/\/ambcopenaghen.esteri.it\/it\/wp-json\/wp\/v2\/posts"}],"about":[{"href":"https:\/\/ambcopenaghen.esteri.it\/it\/wp-json\/wp\/v2\/types\/post"}],"author":[{"embeddable":true,"href":"https:\/\/ambcopenaghen.esteri.it\/it\/wp-json\/wp\/v2\/users\/1"}],"replies":[{"embeddable":true,"href":"https:\/\/ambcopenaghen.esteri.it\/it\/wp-json\/wp\/v2\/comments?post=1546"}],"version-history":[{"count":0,"href":"https:\/\/ambcopenaghen.esteri.it\/it\/wp-json\/wp\/v2\/posts\/1546\/revisions"}],"wp:attachment":[{"href":"https:\/\/ambcopenaghen.esteri.it\/it\/wp-json\/wp\/v2\/media?parent=1546"}],"wp:term":[{"taxonomy":"post_tag","embeddable":true,"href":"https:\/\/ambcopenaghen.esteri.it\/it\/wp-json\/wp\/v2\/tags?post=1546"}],"curies":[{"name":"wp","href":"https:\/\/api.w.org\/{rel}","templated":true}]}}