{"id":1530,"date":"2014-06-30T08:12:31","date_gmt":"2014-06-30T06:12:31","guid":{"rendered":"https:\/\/ambcopenaghen.esteri.it\/news\/dall_ambasciata\/2014\/06\/missione-ambasciatore-groenlandia\/"},"modified":"2014-06-30T08:12:31","modified_gmt":"2014-06-30T06:12:31","slug":"missione-ambasciatore-groenlandia","status":"publish","type":"post","link":"https:\/\/ambcopenaghen.esteri.it\/it\/news\/dall_ambasciata\/2014\/06\/missione-ambasciatore-groenlandia\/","title":{"rendered":"ITALIA-GROENLANDIA, VISITA AMBASCIATORE QUEIROLO PALMAS A NUUK."},"content":{"rendered":"<p style=\"text-align: justify;\">Dal 16 al 20 giugno si \u00e8 svolta la prima missione in Groenlandia dell&#8217;Ambasciatore d&#8217;Italia Stefano Queirolo Palmas. Prima tappa della visita \u00e8 stata Ilulissat, terza citt\u00e0 del Paese ubicata nello spettacolare golfo di Disko. Qui l&#8217;Ambasciatore ha avuto modo, fra l&#8217;altro, di incontrare il corrispondente consolare, Erik Bjerregaard. La visita \u00e8 poi proseguita a Nuuk, la capitale della Groenlandia, dove egli ha avuto incontri con le Autorit\u00e0 groenlandesi, fra cui la Premier del governo autonomo, Aleqa Hammond, con la quale ha parlato di prospettive di cooperazione bilaterale ed Expo 2015. <\/p>\n<p>La Hammond si e&#8217; congratulata per l&#8217;ingresso dell&#8217;Italia quale osservatore permanente del Consiglio Artico, auspicando una crescita nelle relazioni nel settore della cooperazione scientifica, turismo, commercio e formazione. Da parte sua, l&#8217;Ambasciatore ha proposto una presenza della Groenlandia all&#8217;Expo 2015, dato l&#8217;interessa del tema della nutrizione sostenibile per l&#8217;economia locale, incentrata sull&#8217;industria ittica. <br \/>La Groenlandia fa parte, con statuto di autogoverno, del Regno di Danimarca, e Copenaghen detiene le competenze di Esteri e Difesa.<\/p>\n<p>Il Primo Ministro Aleqa Hammond, al termine dell&#8217;incontro, ha rilasciato la seguente dichiarazione: <br \/><em>Ho avuto un primo incontro, buono e molto positivo, con l&#8217;Ambasciatore Queirolo Palmas. L&#8217;Italia \u00e8 un partner importante per la Groenlandia anche in relazione ai nostri rapporti con l&#8217;UE. Le nostre relazioni con l&#8217;Italia sono divenute ancor pi\u00f9 importanti e pi\u00f9 attuali da quando l&#8217;Italia, l&#8217;anno scorso, ha ottenuto lo status di Stato osservatore al Consiglio Artico. Ci\u00f2 pone le fondamenta per sviluppare un&#8217;ampia e buona\u00a0cooperazione bilaterale, che senza dubbio andr\u00e0 approfondita ulteriormente. Da parte mia, ho colto l&#8217;occasione per sottolineare in particolare l&#8217;impegno della Groenlandia nella cooperazione artica cos\u00ec come ho evidenziato all&#8217;Ambasciatore la questione IWC. Per la Groenlandia \u00e8 importante far comprendere come la caccia alle balene groenlandese si basi su principi di sostenibilit\u00e0 e che le nostre quote sono stabilite su base scientifica<\/em>.<\/p>\n<p>Comunicato della Farnesina: <a href=\"http:\/\/www.esteri.it\/MAE\/IT\/Sala_Stampa\/ArchivioNotizie\/Approfondimenti\/2014\/06\/20140630_ItaliaGroenlandia.htm\">http:\/\/www.esteri.it\/MAE\/IT\/Sala_Stampa\/ArchivioNotizie\/Approfondimenti\/2014\/06\/20140630_ItaliaGroenlandia.htm<\/a><\/p>\n<p><img decoding=\"async\" src=\"\/resource\/2014\/06\/AmbGroenlandia.jpg\" alt=\"Amb. Stefano Queirolo Palmas e Premier Aleqa Hammond, con rispettivi consorti\" border=\"0\" \/><br \/><span lang=\"DA\"><\/span><\/p>\n","protected":false},"excerpt":{"rendered":"Dal 16 al 20 giugno si \u00e8 svolta la prima missione in Groenlandia dell&#8217;Ambasciatore d&#8217;Italia Stefano Queirolo Palmas. Prima tappa della visita \u00e8 stata Ilulissat, terza citt\u00e0 del Paese ubicata nello spettacolare golfo di Disko. Qui l&#8217;Ambasciatore ha avuto modo, fra l&#8217;altro, di incontrare il corrispondente consolare, Erik Bjerregaard. La visita \u00e8 poi proseguita a [&hellip;]","protected":false},"author":1,"featured_media":0,"comment_status":"","ping_status":"","sticky":false,"template":"","format":"standard","meta":{"footnotes":""},"tags":[],"class_list":["post-1530","post","type-post","status-publish","format-standard","hentry"],"_links":{"self":[{"href":"https:\/\/ambcopenaghen.esteri.it\/it\/wp-json\/wp\/v2\/posts\/1530","targetHints":{"allow":["GET"]}}],"collection":[{"href":"https:\/\/ambcopenaghen.esteri.it\/it\/wp-json\/wp\/v2\/posts"}],"about":[{"href":"https:\/\/ambcopenaghen.esteri.it\/it\/wp-json\/wp\/v2\/types\/post"}],"author":[{"embeddable":true,"href":"https:\/\/ambcopenaghen.esteri.it\/it\/wp-json\/wp\/v2\/users\/1"}],"replies":[{"embeddable":true,"href":"https:\/\/ambcopenaghen.esteri.it\/it\/wp-json\/wp\/v2\/comments?post=1530"}],"version-history":[{"count":0,"href":"https:\/\/ambcopenaghen.esteri.it\/it\/wp-json\/wp\/v2\/posts\/1530\/revisions"}],"wp:attachment":[{"href":"https:\/\/ambcopenaghen.esteri.it\/it\/wp-json\/wp\/v2\/media?parent=1530"}],"wp:term":[{"taxonomy":"post_tag","embeddable":true,"href":"https:\/\/ambcopenaghen.esteri.it\/it\/wp-json\/wp\/v2\/tags?post=1530"}],"curies":[{"name":"wp","href":"https:\/\/api.w.org\/{rel}","templated":true}]}}