{"id":1529,"date":"2014-07-08T09:19:04","date_gmt":"2014-07-08T07:19:04","guid":{"rendered":"https:\/\/ambcopenaghen.esteri.it\/news\/dall_ambasciata\/2014\/07\/inaugurazione-presidenza-ue\/"},"modified":"2014-07-08T09:19:04","modified_gmt":"2014-07-08T07:19:04","slug":"inaugurazione-presidenza-ue","status":"publish","type":"post","link":"https:\/\/ambcopenaghen.esteri.it\/it\/news\/dall_ambasciata\/2014\/07\/inaugurazione-presidenza-ue\/","title":{"rendered":"INAUGURATA LA PRESIDENZA UE ITALIANA PRESSO LA EUROPE-HOUSE DI COPENAGHEN"},"content":{"rendered":"<p><P>Gioved\u00ec 3 luglio l&#8217;Ambasciatore Stefano Queirolo Palmas ha inaugurato la Presidenza UE dell&#8217;Italia presso la Europe-House di Copenaghen, sede degli Uffici della Commissione e del Parlamento Europei in questa capitale. La cerimonia ha visto oltre 150 partecipanti del mondo diplomatico, politico, culturale ed\u00a0economico. Dopo una breve introduzione da parte del Capo dell&#8217;Ufficio della Commissione Europea, Mr. Laurs N\u00f8rlund, e del Capo dell&#8217;Ufficio del Parlamento, Ms. Anne Mette Vestergaard, ha preso la parola l\u00f9Ambasciatore di Grecia, S.E. Ms. Eleni Sourani, a nome della Presidenza uscente. L&#8217;Ambasciatore Queriolo Palmas ha parlato successivamente, illustrando le priorit\u00e0 della nostra Presidenza. <BR><BR>La cerimonia \u00e8 stata occasione di confronto fra il numeroso pubblico intervenuto. Al termine \u00e8 stato offerto un buffet italiano allestito dal noto Ristorante italiano a Copenaghen Era-Ora.\u00a0\u00a0<BR><BR><BR><IMG border=\"0\" alt=\"Amb. Queirolo Palmas, Amb. greca, Dir Ufficio Commissione e Uff. Parlamento UE\" src=\"\/resource\/2014\/07\/ITALYEUCOUNCILPRESIDENCY1.jpg\"><BR><EM>Da sinistra a destra: il Capo dell&#8217;Ufficio della Commissione Europea, Mr. Laurs N\u00f8rlund, l&#8217;Ambasciatore di Grecia, S.E. Eleni Sourani, il Capo dell&#8217;Ufficio del Parlamento, Ms. Anne Mette Vestergaard, l&#8217;Ambasciatore d&#8217;Italia, S.E. Stefano Queirolo Palmas. FOTO: Hasse Ferrold.<BR><BR><IMG border=\"0\" alt=\"Amb. Palmas e Amb. Sourani\" src=\"\/resource\/2014\/07\/ITALYEUCOUNCILPRESIDENCY2.jpg\"><BR>Il &#8220;passaggio di consegne&#8221; fra l&#8217;Ambasciatore di Grecia, S.E. Ms Elina Sourani, e l&#8217;Ambasciatore d&#8217;Italia, S.E. Stefano QUeirolo Palmas. FOTO: Hasse Ferrold.<BR><BR><IMG border=\"0\" alt=\"Pubblico\" src=\"\/resource\/2014\/07\/ITALYEUCOUNCILPRESIDENCY3.jpg\"><BR>L&#8217;Ambasciatore Queirolo Palmas illustra ad un\u00a0pubblico interessato e numeroso le priorit\u00e0 della Presidenza italiana. FOTO: Hasse Ferrold.<BR><BR><\/EM><\/P><\/p>\n","protected":false},"excerpt":{"rendered":"Gioved\u00ec 3 luglio l&#8217;Ambasciatore Stefano Queirolo Palmas ha inaugurato la Presidenza UE dell&#8217;Italia presso la Europe-House di Copenaghen, sede degli Uffici della Commissione e del Parlamento Europei in questa capitale. La cerimonia ha visto oltre 150 partecipanti del mondo diplomatico, politico, culturale ed\u00a0economico. Dopo una breve introduzione da parte del Capo dell&#8217;Ufficio della Commissione Europea, [&hellip;]","protected":false},"author":1,"featured_media":0,"comment_status":"","ping_status":"","sticky":false,"template":"","format":"standard","meta":{"footnotes":""},"tags":[],"class_list":["post-1529","post","type-post","status-publish","format-standard","hentry"],"_links":{"self":[{"href":"https:\/\/ambcopenaghen.esteri.it\/it\/wp-json\/wp\/v2\/posts\/1529","targetHints":{"allow":["GET"]}}],"collection":[{"href":"https:\/\/ambcopenaghen.esteri.it\/it\/wp-json\/wp\/v2\/posts"}],"about":[{"href":"https:\/\/ambcopenaghen.esteri.it\/it\/wp-json\/wp\/v2\/types\/post"}],"author":[{"embeddable":true,"href":"https:\/\/ambcopenaghen.esteri.it\/it\/wp-json\/wp\/v2\/users\/1"}],"replies":[{"embeddable":true,"href":"https:\/\/ambcopenaghen.esteri.it\/it\/wp-json\/wp\/v2\/comments?post=1529"}],"version-history":[{"count":0,"href":"https:\/\/ambcopenaghen.esteri.it\/it\/wp-json\/wp\/v2\/posts\/1529\/revisions"}],"wp:attachment":[{"href":"https:\/\/ambcopenaghen.esteri.it\/it\/wp-json\/wp\/v2\/media?parent=1529"}],"wp:term":[{"taxonomy":"post_tag","embeddable":true,"href":"https:\/\/ambcopenaghen.esteri.it\/it\/wp-json\/wp\/v2\/tags?post=1529"}],"curies":[{"name":"wp","href":"https:\/\/api.w.org\/{rel}","templated":true}]}}