{"id":1527,"date":"2014-07-09T11:09:19","date_gmt":"2014-07-09T09:09:19","guid":{"rendered":"https:\/\/ambcopenaghen.esteri.it\/news\/dall_ambasciata\/2014\/07\/visita-ministro-mogherini\/"},"modified":"2014-07-09T11:09:19","modified_gmt":"2014-07-09T09:09:19","slug":"visita-ministro-mogherini","status":"publish","type":"post","link":"https:\/\/ambcopenaghen.esteri.it\/it\/news\/dall_ambasciata\/2014\/07\/visita-ministro-mogherini\/","title":{"rendered":"VISITA MINISTRO MOGHERINI A COPENAGHEN, 26-27 GIUGNO 2014"},"content":{"rendered":"<p><P>Nelle giornate di gioved\u00ec 26 e venerd\u00ec 27 giugno si \u00e8 svolta la visita in Danimarca del Ministro degli Affari Esteri, Federica Mogherini. Era dal 1971 che non aveva luogo un incontro bilaterale a Copenaghen a livello di Capi delle diplomazie. <BR><BR>Durante la sua visita, la Ministro Mogherini ha incontrato <STRONG>Nicolai Wammen<\/STRONG>, Ministro della Difesa danese, con il quale ha avuto un colloquio su temi NATO ed altre questioni di comune interesse, quali, tra l\u2019altro, la crisi ucraina, il Vertice NATO di settembre e la cooperazione nell&#8217;operazione di distruzione delle armi chimiche siriane. <BR><BR>Il Ministro ha inoltre avuto un lungo colloquio con il suo omologo danese, <STRONG>Martin Lidegaard<\/STRONG>, con il quale ha affrontato numerosi argomenti, a cominciare dagli obbiettivi della Presidenza italiana dell&#8217;Unione Europea (lavoro, con particolare riguardo all&#8217;occupazione giovanile, crescita, investimenti). La Ministro ha auspicato che il semestre italiano non rappresenti solamente un &#8221;periodo di transizione&#8221;, ma porti a una vera e propria &#8221;nuova stagione&#8221; per l&#8217;Europa. Per imprimere nuovo slancio occorre un &#8221;metodo di lavoro&#8221; che individui le priorit\u00e0, nonch\u00e9 gli strumenti per gestirle &#8221;nel senso pi\u00f9 unitario possibile&#8221; tra i 28 Paesi dell&#8217;Unione &#8211; ha spiegato la Ministro Mogherini &#8211; a partire dai settori dove e&#8217; essenziale la dimensione continentale.<BR>Molti altri temi dell&#8217;attualit\u00e0 internazionale sono stati discussi, fra cui la crisi ucraina e la situazione nelle aree medio-orientale e balcanica, nonch\u00e9 temi dell&#8217;immigrazione, economici, energetici, cooperazione scientifica e questioni artiche.<BR><BR>Comunicato della Farnesina: <A href=\"http:\/\/www.esteri.it\/MAE\/IT\/Sala_stampa\/ArchivioNotizie\/Approfondimenti\/2014\/06\/20140627_MoghCopen.htm\">http:\/\/www.esteri.it\/MAE\/IT\/Sala_stampa\/ArchivioNotizie\/Approfondimenti\/2014\/06\/20140627_MoghCopen.htm<\/A>\u00a0\u00a0<BR><BR>Comunicato Ministero della Difesa danese: <A href=\"http:\/\/www.fmn.dk\/nyheder\/Pages\/Forsvarsministeren-moedtes-med-den-italienske-udenrigsminister-Federica-Mogherini.aspx\">http:\/\/www.fmn.dk\/nyheder\/Pages\/Forsvarsministeren-moedtes-med-den-italienske-udenrigsminister-Federica-Mogherini.aspx<\/A><BR><BR><IMG border=\"0\" alt=\"Ministro Mogherini con Ministro Difesa Wammen\" src=\"\/resource\/2014\/07\/MinMogheriniMinWammen.jpg\"><BR><EM>Il Ministro degli Affari Esteri italiano, Federica Mogherini, con il Ministro della Difesa danese, Nicolai Wammen. <BR>A sinistra l&#8217;Ambasciatore Stefano Queirolo Palmas.<\/EM> <BR><BR><\/P><\/p>\n","protected":false},"excerpt":{"rendered":"Nelle giornate di gioved\u00ec 26 e venerd\u00ec 27 giugno si \u00e8 svolta la visita in Danimarca del Ministro degli Affari Esteri, Federica Mogherini. Era dal 1971 che non aveva luogo un incontro bilaterale a Copenaghen a livello di Capi delle diplomazie. Durante la sua visita, la Ministro Mogherini ha incontrato Nicolai Wammen, Ministro della Difesa [&hellip;]","protected":false},"author":1,"featured_media":0,"comment_status":"","ping_status":"","sticky":false,"template":"","format":"standard","meta":{"footnotes":""},"tags":[],"class_list":["post-1527","post","type-post","status-publish","format-standard","hentry"],"_links":{"self":[{"href":"https:\/\/ambcopenaghen.esteri.it\/it\/wp-json\/wp\/v2\/posts\/1527","targetHints":{"allow":["GET"]}}],"collection":[{"href":"https:\/\/ambcopenaghen.esteri.it\/it\/wp-json\/wp\/v2\/posts"}],"about":[{"href":"https:\/\/ambcopenaghen.esteri.it\/it\/wp-json\/wp\/v2\/types\/post"}],"author":[{"embeddable":true,"href":"https:\/\/ambcopenaghen.esteri.it\/it\/wp-json\/wp\/v2\/users\/1"}],"replies":[{"embeddable":true,"href":"https:\/\/ambcopenaghen.esteri.it\/it\/wp-json\/wp\/v2\/comments?post=1527"}],"version-history":[{"count":0,"href":"https:\/\/ambcopenaghen.esteri.it\/it\/wp-json\/wp\/v2\/posts\/1527\/revisions"}],"wp:attachment":[{"href":"https:\/\/ambcopenaghen.esteri.it\/it\/wp-json\/wp\/v2\/media?parent=1527"}],"wp:term":[{"taxonomy":"post_tag","embeddable":true,"href":"https:\/\/ambcopenaghen.esteri.it\/it\/wp-json\/wp\/v2\/tags?post=1527"}],"curies":[{"name":"wp","href":"https:\/\/api.w.org\/{rel}","templated":true}]}}