{"id":1510,"date":"2014-10-02T11:41:23","date_gmt":"2014-10-02T09:41:23","guid":{"rendered":"https:\/\/ambcopenaghen.esteri.it\/news\/dall_ambasciata\/2014\/10\/elezioni-amministrative-sicilia\/"},"modified":"2014-10-02T11:41:23","modified_gmt":"2014-10-02T09:41:23","slug":"elezioni-amministrative-sicilia","status":"publish","type":"post","link":"https:\/\/ambcopenaghen.esteri.it\/it\/news\/dall_ambasciata\/2014\/10\/elezioni-amministrative-sicilia\/","title":{"rendered":"REGIONE SICILIANA &#8211; ELEZIONI AMMINISTRATIVE DEL 16 E 17 NOVEMBRE 2014"},"content":{"rendered":"<p><SPAN class=\"Apple-style-span\" style=\"WHITE-SPACE: normal; BORDER-COLLAPSE: separate; TEXT-TRANSFORM: none; WORD-SPACING: 0px; COLOR: rgb(0,0,0); FONT: 16px 'Times New Roman'; ORPHANS: 2; WIDOWS: 2; LETTER-SPACING: normal; TEXT-INDENT: 0px; -webkit-border-horizontal-spacing: 0px; -webkit-border-vertical-spacing: 0px; -webkit-text-decorations-in-effect: none; -webkit-text-size-adjust: auto; -webkit-text-stroke-width: 0px\"><SPAN class=\"Apple-style-span\" style=\"FONT-SIZE: 11px; FONT-FAMILY: Verdana, 'Helvetica Neue', 'Lucida Grande', Helvetica, Arial, Verdana, sans-serif; COLOR: rgb(34,34,34); TEXT-ALIGN: justify; LINE-HEIGHT: 16px\">Con il\u00a0<A href=\"\/resource\/2014\/10\/Nota_Regione_Siciliana.pdf\">Decreto Assessoriale n. 347 del 18\/09\/2014<\/A><SPAN class=\"Apple-converted-space\">\u00a0<\/SPAN>la Regione Siciliana ha provveduto a fissare per i giorni <STRONG>16 e 17 novembre 2014 <\/STRONG>la data delle elezioni dei Sindaci, dei Consigli comunali, del Presidente di circoscrizione e del Consiglio circoscrizionale elencati nel medesimo Decreto. <BR><BR>Limitatamente all&#8217;elezione dei Sindaci \u00e8 stabilito che l&#8217;eventuale secondo turno avr\u00e0 luogo nei giorni di <STRONG>domenica 30 novembre e luned\u00ec 1 dicembre 2014<\/STRONG>.<BR><BR><\/SPAN><\/SPAN><\/p>\n","protected":false},"excerpt":{"rendered":"Con il\u00a0Decreto Assessoriale n. 347 del 18\/09\/2014\u00a0la Regione Siciliana ha provveduto a fissare per i giorni 16 e 17 novembre 2014 la data delle elezioni dei Sindaci, dei Consigli comunali, del Presidente di circoscrizione e del Consiglio circoscrizionale elencati nel medesimo Decreto. Limitatamente all&#8217;elezione dei Sindaci \u00e8 stabilito che l&#8217;eventuale secondo turno avr\u00e0 luogo nei [&hellip;]","protected":false},"author":1,"featured_media":0,"comment_status":"","ping_status":"","sticky":false,"template":"","format":"standard","meta":{"footnotes":""},"tags":[],"class_list":["post-1510","post","type-post","status-publish","format-standard","hentry"],"_links":{"self":[{"href":"https:\/\/ambcopenaghen.esteri.it\/it\/wp-json\/wp\/v2\/posts\/1510","targetHints":{"allow":["GET"]}}],"collection":[{"href":"https:\/\/ambcopenaghen.esteri.it\/it\/wp-json\/wp\/v2\/posts"}],"about":[{"href":"https:\/\/ambcopenaghen.esteri.it\/it\/wp-json\/wp\/v2\/types\/post"}],"author":[{"embeddable":true,"href":"https:\/\/ambcopenaghen.esteri.it\/it\/wp-json\/wp\/v2\/users\/1"}],"replies":[{"embeddable":true,"href":"https:\/\/ambcopenaghen.esteri.it\/it\/wp-json\/wp\/v2\/comments?post=1510"}],"version-history":[{"count":0,"href":"https:\/\/ambcopenaghen.esteri.it\/it\/wp-json\/wp\/v2\/posts\/1510\/revisions"}],"wp:attachment":[{"href":"https:\/\/ambcopenaghen.esteri.it\/it\/wp-json\/wp\/v2\/media?parent=1510"}],"wp:term":[{"taxonomy":"post_tag","embeddable":true,"href":"https:\/\/ambcopenaghen.esteri.it\/it\/wp-json\/wp\/v2\/tags?post=1510"}],"curies":[{"name":"wp","href":"https:\/\/api.w.org\/{rel}","templated":true}]}}