{"id":1494,"date":"2014-11-06T15:33:50","date_gmt":"2014-11-06T13:33:50","guid":{"rendered":"https:\/\/ambcopenaghen.esteri.it\/news\/dall_ambasciata\/2014\/11\/concerto-presidenza-ue-italiana\/"},"modified":"2014-11-06T15:33:50","modified_gmt":"2014-11-06T13:33:50","slug":"concerto-presidenza-ue-italiana","status":"publish","type":"post","link":"https:\/\/ambcopenaghen.esteri.it\/it\/news\/dall_ambasciata\/2014\/11\/concerto-presidenza-ue-italiana\/","title":{"rendered":"PRESIDENZA UE ITALIANA &#8211; CONCERTO DEI SOLISTI DELL&#8217;OPERA ITALIANA ALLA GLYPTOTECA DI COPENAGHEN"},"content":{"rendered":"<p style=\"text-align: justify;\">il prestigioso museo Ny Carlsberg Glyptotek di Copenaghen \u00e8 stato il palcoscenico del concerto dei <strong>Solisti dell&#8217;Opera italiana<\/strong>, evento musicale al centro del programma organizzato dall&#8217;Ambasciata e dall&#8217;Istituto Italiano di Cultura\u00a0di Copenaghen in occasione del Semestre italiano di Presidenza del Consiglio UE.<\/p>\n<p>I Solisti dell&#8217;Opera Italiana sono una formazione nata agli inizi del 2014. La loro passione per la musica li ha portati a trasformarsi in messaggeri della cultura italiana nel mondo, eseguendo brani di vario genere, dalla musica da camera al repertorio classico ottocentesco. Grazie alla loro originalit\u00e0 e professionalit\u00e0, hanno gi\u00e0 riscosso numerosi successi in Italia e nel mondo. Il gruppo \u00e8 composto da <\/p>\n<p>Filippo Mazzoli &#8211; flauto <br \/>Stefano Franceschini &#8211; clarinetto <br \/>Gabriele Bellu &#8211; violino<br \/>Sara Airoldi &#8211; violoncello<br \/>Andrea Dindo &#8211; pianoforte<\/p>\n<p>Sono stati eseguiti brani di Giuseppe Verdi. <br \/>L&#8217;evento \u00e8 stato organizzato anche nell&#8217;ambito della <strong>Settimana della Lingua Italiana<\/strong> nel Mondo ed \u00e8 stato reso possibile anche grazie al supporto del <strong>Copenhagen Metro Team<\/strong> (CMT), la societ\u00e0 impegnata nella costruzione della nuova metropolitana di Copenaghen.<\/p>\n<p>Per maggiori informazioni: <a href=\"http:\/\/www.esteri.it\/MAE\/IT\/Sala_Stampa\/ArchivioNotizie\/Approfondimenti\/2014\/11\/20141105_Copenaghen_solistiita.htm\" target=\"_blank\" title=\"Concerto Presidenza UE Italiana\" rel=\"noopener\">comunicato della Farnesina sull&#8217;evento<\/a>. <\/p>\n<p><img loading=\"lazy\" decoding=\"async\" src=\"resource\/img\/2015\/10\/photo_hasse_ferrold__italy_eu_presidency_concert_31_10_2014_glyptoteque_copenhagen_4.jpg\" alt=\"photo hasse ferrold italy eu presidency concert 31 10 2014 glyptoteque copenhagen 4\" width=\"421\" height=\"280\" \/><br \/><em>L&#8217;Ambasciatore Stefano Querolo Palmas porge il saluto agli intervenuti. Foto: Hasse Ferrold.<\/em><\/p>\n<p><img loading=\"lazy\" decoding=\"async\" src=\"resource\/img\/2015\/10\/photo_hasse_ferrold__italy_eu_presidency_concert_31_10_2014_glyptoteque_copenhagen_3.jpg\" alt=\"photo hasse ferrold italy eu presidency concert 31 10 2014 glyptoteque copenhagen 3\" width=\"421\" height=\"280\" \/><br \/><em>Saluto dell&#8217;Ambasciatore alla platea. Foto: Hasse Ferrold.<\/em><\/p>\n<p><img loading=\"lazy\" decoding=\"async\" src=\"resource\/img\/2015\/10\/photo_hasse_ferrold__italy_eu_presidency_concert_31_10_2014_glyptoteque_copenhagen_1.jpg\" alt=\"photo hasse ferrold italy eu presidency concert 31 10 2014 glyptoteque copenhagen 1\" width=\"421\" height=\"249\" \/><br \/><em>I Solisti dell&#8217;Opera Italiana fanno il loro ingresso in scena. Foto: Hasse Ferrold.<\/em><\/p>\n<p><img loading=\"lazy\" decoding=\"async\" src=\"resource\/img\/2015\/10\/20141031_201314.jpg\" alt=\"20141031 201314\" width=\"421\" height=\"253\" \/><br \/><em>I Solisti dell&#8217;Opera Italiana.<\/em><\/p>\n<p><img loading=\"lazy\" decoding=\"async\" src=\"resource\/img\/2015\/10\/20141031_204634.jpg\" alt=\"20141031 204634\" width=\"421\" height=\"253\" \/><br \/><em>La splendida sala all&#8217;interno del Museo dove si \u00e8 svolto il concerto. <\/em><\/p>\n<p><img loading=\"lazy\" decoding=\"async\" src=\"resource\/img\/2015\/10\/20141031_204850.jpg\" alt=\"20141031 204850\" width=\"421\" height=\"253\" \/><br \/><em>La Ny Carlsberg Glyptotek \u00e8 un museo di archeologia ed arte\u00a0nel cuore di Copenaghen.<\/p>\n<p><\/em><\/p>\n","protected":false},"excerpt":{"rendered":"il prestigioso museo Ny Carlsberg Glyptotek di Copenaghen \u00e8 stato il palcoscenico del concerto dei Solisti dell&#8217;Opera italiana, evento musicale al centro del programma organizzato dall&#8217;Ambasciata e dall&#8217;Istituto Italiano di Cultura\u00a0di Copenaghen in occasione del Semestre italiano di Presidenza del Consiglio UE. I Solisti dell&#8217;Opera Italiana sono una formazione nata agli inizi del 2014. La [&hellip;]","protected":false},"author":1,"featured_media":0,"comment_status":"","ping_status":"","sticky":false,"template":"","format":"standard","meta":{"footnotes":""},"tags":[],"class_list":["post-1494","post","type-post","status-publish","format-standard","hentry"],"_links":{"self":[{"href":"https:\/\/ambcopenaghen.esteri.it\/it\/wp-json\/wp\/v2\/posts\/1494","targetHints":{"allow":["GET"]}}],"collection":[{"href":"https:\/\/ambcopenaghen.esteri.it\/it\/wp-json\/wp\/v2\/posts"}],"about":[{"href":"https:\/\/ambcopenaghen.esteri.it\/it\/wp-json\/wp\/v2\/types\/post"}],"author":[{"embeddable":true,"href":"https:\/\/ambcopenaghen.esteri.it\/it\/wp-json\/wp\/v2\/users\/1"}],"replies":[{"embeddable":true,"href":"https:\/\/ambcopenaghen.esteri.it\/it\/wp-json\/wp\/v2\/comments?post=1494"}],"version-history":[{"count":0,"href":"https:\/\/ambcopenaghen.esteri.it\/it\/wp-json\/wp\/v2\/posts\/1494\/revisions"}],"wp:attachment":[{"href":"https:\/\/ambcopenaghen.esteri.it\/it\/wp-json\/wp\/v2\/media?parent=1494"}],"wp:term":[{"taxonomy":"post_tag","embeddable":true,"href":"https:\/\/ambcopenaghen.esteri.it\/it\/wp-json\/wp\/v2\/tags?post=1494"}],"curies":[{"name":"wp","href":"https:\/\/api.w.org\/{rel}","templated":true}]}}