{"id":1482,"date":"2014-12-17T14:28:11","date_gmt":"2014-12-17T12:28:11","guid":{"rendered":"https:\/\/ambcopenaghen.esteri.it\/news\/dall_ambasciata\/2014\/12\/cerimonia-ciid\/"},"modified":"2014-12-17T14:28:11","modified_gmt":"2014-12-17T12:28:11","slug":"cerimonia-ciid","status":"publish","type":"post","link":"https:\/\/ambcopenaghen.esteri.it\/it\/news\/dall_ambasciata\/2014\/12\/cerimonia-ciid\/","title":{"rendered":"CERIMONIA DI CONFERIMENTO DEI DIPLOMI AI GIOVANI DEL COPENHAGEN INSTITUTE OF INTERACTION DESIGN"},"content":{"rendered":"<p><P>Gioved\u00ec 11 dicembre la Residenza dell&#8217;Ambasciatore ha ospitato la cerimonia di conferimento dei diplomi ai ragazzi e alle ragazze che hanno terminato il ciclo di studi presso il <a title=\"Copenhagen Institute of Interactive Design\" href=\"http:\/\/ciid.dk\/\" target=\"_blank\" rel=\"noopener\">Copenhagen Institute of Interaction Design<\/A> (CIID). Si trattava di 24 giovani talenti provenienti da 12 diversi Paesi, che hanno portato a termine con successo un anno di studi presso il rinomato centro copenaghese per diventare &#8220;designer interattivi&#8221;. <BR><BR>La cerimonia, alla quale \u00e8 intervenuto, oltre ai diplomati e alle loro famiglie, anche il collegio giudicante, formato da rilevanti personalit\u00e0 del settore del design internazionale, \u00e8 stata introdotta da un saluto dell&#8217;Ambasciatore Stefano Queirolo Palmas, che\u00a0ha ricordato come l&#8217;iniziativa si inquadri nell&#8217;alveo della particolare attenzione data dall&#8217;Ambasciata alla formazione ed alla ricerca, gi\u00e0 concretizzatasi con varie precedenti iniziative (fra cui la II Giornata dei Ricercatori organizzata nel marzo 2014). \u00a0<BR><BR>La collaborazione con il CIID, iniziata gi\u00e0 alcuni mesi fa,\u00a0permette all&#8217;Ambasciata di usufruire della loro assistenza professionale\u00a0per vari progetti in vista di un sempre\u00a0maggiore e pi\u00f9 razionale utilizzo della Residenza stessa. <BR><BR><IMG border=\"0\" alt=\"CIID\" src=\"\/resource\/2014\/12\/CIID_1.jpg\"><BR><EM>L&#8217;Ambasciatore Queirolo Palmas introduce la cerimonia. Foto: CIID. <\/EM><BR><BR><IMG border=\"0\" alt=\"CIID\" src=\"\/resource\/2014\/12\/CIID_3.jpg\"><BR><EM>I giovani ricevono il diploma dal collegio giudicante internazionale. Foto: CIID.<\/EM><BR><BR><IMG border=\"0\" alt=\"CIID\" src=\"\/resource\/2014\/12\/CIID_4.jpg\"><BR><EM>I ragazzi in attesa di ricevere il diploma, nella sala da ballo della Residenza. Foto: CIID.\u00a0<BR><BR><IMG border=\"0\" alt=\"CIID\" src=\"\/resource\/2014\/12\/CIID_2.jpg\"><BR>I 24 ragazzi al termine della cerimonia in Residenza. Foto: CIID.<BR><BR><\/EM><\/P><\/p>\n","protected":false},"excerpt":{"rendered":"Gioved\u00ec 11 dicembre la Residenza dell&#8217;Ambasciatore ha ospitato la cerimonia di conferimento dei diplomi ai ragazzi e alle ragazze che hanno terminato il ciclo di studi presso il Copenhagen Institute of Interaction Design (CIID). Si trattava di 24 giovani talenti provenienti da 12 diversi Paesi, che hanno portato a termine con successo un anno di [&hellip;]","protected":false},"author":1,"featured_media":0,"comment_status":"","ping_status":"","sticky":false,"template":"","format":"standard","meta":{"footnotes":""},"tags":[],"class_list":["post-1482","post","type-post","status-publish","format-standard","hentry"],"_links":{"self":[{"href":"https:\/\/ambcopenaghen.esteri.it\/it\/wp-json\/wp\/v2\/posts\/1482","targetHints":{"allow":["GET"]}}],"collection":[{"href":"https:\/\/ambcopenaghen.esteri.it\/it\/wp-json\/wp\/v2\/posts"}],"about":[{"href":"https:\/\/ambcopenaghen.esteri.it\/it\/wp-json\/wp\/v2\/types\/post"}],"author":[{"embeddable":true,"href":"https:\/\/ambcopenaghen.esteri.it\/it\/wp-json\/wp\/v2\/users\/1"}],"replies":[{"embeddable":true,"href":"https:\/\/ambcopenaghen.esteri.it\/it\/wp-json\/wp\/v2\/comments?post=1482"}],"version-history":[{"count":0,"href":"https:\/\/ambcopenaghen.esteri.it\/it\/wp-json\/wp\/v2\/posts\/1482\/revisions"}],"wp:attachment":[{"href":"https:\/\/ambcopenaghen.esteri.it\/it\/wp-json\/wp\/v2\/media?parent=1482"}],"wp:term":[{"taxonomy":"post_tag","embeddable":true,"href":"https:\/\/ambcopenaghen.esteri.it\/it\/wp-json\/wp\/v2\/tags?post=1482"}],"curies":[{"name":"wp","href":"https:\/\/api.w.org\/{rel}","templated":true}]}}