{"id":1459,"date":"2015-09-23T15:08:27","date_gmt":"2015-09-23T13:08:27","guid":{"rendered":"https:\/\/ambcopenaghen.esteri.it\/news\/dall_ambasciata\/2015\/09\/diritti-umani-e-italiano-nuovo\/"},"modified":"2015-09-23T15:08:27","modified_gmt":"2015-09-23T13:08:27","slug":"diritti-umani-e-italiano-nuovo","status":"publish","type":"post","link":"https:\/\/ambcopenaghen.esteri.it\/it\/news\/dall_ambasciata\/2015\/09\/diritti-umani-e-italiano-nuovo\/","title":{"rendered":"DIRITTI UMANI: \u00c8 ITALIANO NUOVO PRESIDENTE CORTE STRASBURGO"},"content":{"rendered":"<p style=\"text-align: justify;\">Il napoletano Guido Raimondi assumer\u00e0 l&#8217;incarico il primo novembre.<\/p>\n<p style=\"text-align: justify;\">(ANSA) &#8211; STRASBURGO, 21 SET &#8211; Il giudice italiano Guido Raimondi\u00a0\u00e8 stato eletto presidente della Corte europea dei diritti umani. Lo annuncia la stessa Corte di Strasburgo. Raimondi, gi\u00e0 vice presidente della Corte assumer\u00e0 il nuovo incarico il primo novembre. Il giudice italiano succede al lussemburghese Dean Spielmann. Guido Raimondi\u00a0\u00e8 il secondo italiano, dopo Giorgio Balladore Pallieri (1974-1980), a ricoprire l&#8217;incarico di presidente della Corte di Strasburgo.<\/p>\n<p style=\"text-align: justify;\">Raimondi\u00a0\u00e8 nato a Napoli il 22 ottobre 1953, ed\u00a0\u00e8 nella citt\u00e0 partenopea che si\u00a0\u00e8 laureato in legge nel 1975. Tra gli incarichi ricoperti quello di Avvocato generale presso la Corte di Cassazione, di cui\u00a0\u00e8 poi stato anche membro. Prima di essere eletto giudice della Corte di Strasburgo nel 2010, Raimondi lavorava come consulente legale all&#8217;Ilo (International Labour Office) a Ginevra. (ANSA) Y5Y-ZSL 21-SET-15 17: 15 NNN<\/p>\n","protected":false},"excerpt":{"rendered":"Il napoletano Guido Raimondi assumer\u00e0 l&#8217;incarico il primo novembre. (ANSA) &#8211; STRASBURGO, 21 SET &#8211; Il giudice italiano Guido Raimondi\u00a0\u00e8 stato eletto presidente della Corte europea dei diritti umani. Lo annuncia la stessa Corte di Strasburgo. Raimondi, gi\u00e0 vice presidente della Corte assumer\u00e0 il nuovo incarico il primo novembre. Il giudice italiano succede al lussemburghese [&hellip;]","protected":false},"author":1,"featured_media":0,"comment_status":"","ping_status":"","sticky":false,"template":"","format":"standard","meta":{"footnotes":""},"tags":[],"class_list":["post-1459","post","type-post","status-publish","format-standard","hentry"],"_links":{"self":[{"href":"https:\/\/ambcopenaghen.esteri.it\/it\/wp-json\/wp\/v2\/posts\/1459","targetHints":{"allow":["GET"]}}],"collection":[{"href":"https:\/\/ambcopenaghen.esteri.it\/it\/wp-json\/wp\/v2\/posts"}],"about":[{"href":"https:\/\/ambcopenaghen.esteri.it\/it\/wp-json\/wp\/v2\/types\/post"}],"author":[{"embeddable":true,"href":"https:\/\/ambcopenaghen.esteri.it\/it\/wp-json\/wp\/v2\/users\/1"}],"replies":[{"embeddable":true,"href":"https:\/\/ambcopenaghen.esteri.it\/it\/wp-json\/wp\/v2\/comments?post=1459"}],"version-history":[{"count":0,"href":"https:\/\/ambcopenaghen.esteri.it\/it\/wp-json\/wp\/v2\/posts\/1459\/revisions"}],"wp:attachment":[{"href":"https:\/\/ambcopenaghen.esteri.it\/it\/wp-json\/wp\/v2\/media?parent=1459"}],"wp:term":[{"taxonomy":"post_tag","embeddable":true,"href":"https:\/\/ambcopenaghen.esteri.it\/it\/wp-json\/wp\/v2\/tags?post=1459"}],"curies":[{"name":"wp","href":"https:\/\/api.w.org\/{rel}","templated":true}]}}