{"id":1423,"date":"2015-11-29T19:28:28","date_gmt":"2015-11-29T17:28:28","guid":{"rendered":"https:\/\/ambcopenaghen.esteri.it\/news\/dall_ambasciata\/2015\/11\/espana-seria-tan-rica-como-italia\/"},"modified":"2015-11-29T19:28:28","modified_gmt":"2015-11-29T17:28:28","slug":"espana-seria-tan-rica-como-italia","status":"publish","type":"post","link":"https:\/\/ambcopenaghen.esteri.it\/it\/news\/dall_ambasciata\/2015\/11\/espana-seria-tan-rica-como-italia\/","title":{"rendered":"Espa\u00f1a ser\u00eda tan rica como Italia si sus empresas fuesen m\u00e1s grandes"},"content":{"rendered":"<p><a href=\"resource\/doc\/2015\/11\/espana.pdf\">Las compa\u00f1\u00edas tienen 4,6 trabajadores de media, frente a los 5,8 de Italia y muy lejos de los 10,4 de Reino Unido y los 12 de Alemania<\/a><\/p>\n","protected":false},"excerpt":{"rendered":"Las compa\u00f1\u00edas tienen 4,6 trabajadores de media, frente a los 5,8 de Italia y muy lejos de los 10,4 de Reino Unido y los 12 de Alemania","protected":false},"author":1,"featured_media":0,"comment_status":"","ping_status":"","sticky":false,"template":"","format":"standard","meta":{"footnotes":""},"tags":[],"class_list":["post-1423","post","type-post","status-publish","format-standard","hentry"],"_links":{"self":[{"href":"https:\/\/ambcopenaghen.esteri.it\/it\/wp-json\/wp\/v2\/posts\/1423","targetHints":{"allow":["GET"]}}],"collection":[{"href":"https:\/\/ambcopenaghen.esteri.it\/it\/wp-json\/wp\/v2\/posts"}],"about":[{"href":"https:\/\/ambcopenaghen.esteri.it\/it\/wp-json\/wp\/v2\/types\/post"}],"author":[{"embeddable":true,"href":"https:\/\/ambcopenaghen.esteri.it\/it\/wp-json\/wp\/v2\/users\/1"}],"replies":[{"embeddable":true,"href":"https:\/\/ambcopenaghen.esteri.it\/it\/wp-json\/wp\/v2\/comments?post=1423"}],"version-history":[{"count":0,"href":"https:\/\/ambcopenaghen.esteri.it\/it\/wp-json\/wp\/v2\/posts\/1423\/revisions"}],"wp:attachment":[{"href":"https:\/\/ambcopenaghen.esteri.it\/it\/wp-json\/wp\/v2\/media?parent=1423"}],"wp:term":[{"taxonomy":"post_tag","embeddable":true,"href":"https:\/\/ambcopenaghen.esteri.it\/it\/wp-json\/wp\/v2\/tags?post=1423"}],"curies":[{"name":"wp","href":"https:\/\/api.w.org\/{rel}","templated":true}]}}