{"id":1408,"date":"2015-12-31T14:14:16","date_gmt":"2015-12-31T12:14:16","guid":{"rendered":"https:\/\/ambcopenaghen.esteri.it\/news\/dall_ambasciata\/2015\/12\/la-divine-comedie-une-danse-d-enfer\/"},"modified":"2015-12-31T14:14:16","modified_gmt":"2015-12-31T12:14:16","slug":"la-divine-comedie-une-danse-d-enfer","status":"publish","type":"post","link":"https:\/\/ambcopenaghen.esteri.it\/it\/news\/dall_ambasciata\/2015\/12\/la-divine-comedie-une-danse-d-enfer\/","title":{"rendered":"La Divine Com\u00e9die, une danse d&#8217;enfer"},"content":{"rendered":"<p><a href=\"resource\/doc\/2015\/12\/divine_comedie.pdf\">\u00c0 Florence, le chor\u00e9graphe italien Virgilio Sieni a mis en sc\u00e8ne le po\u00e8me de Dante avec 150 danseurs amateurs au Palazzo Vecchio.<\/a><\/p>\n<p><a href=\"resource\/doc\/2015\/12\/divine_comedie.pdf\">Une prouesse humaine et technique parfaitement coordonn\u00e9e.<\/a><\/p>\n","protected":false},"excerpt":{"rendered":"\u00c0 Florence, le chor\u00e9graphe italien Virgilio Sieni a mis en sc\u00e8ne le po\u00e8me de Dante avec 150 danseurs amateurs au Palazzo Vecchio. Une prouesse humaine et technique parfaitement coordonn\u00e9e.","protected":false},"author":1,"featured_media":0,"comment_status":"","ping_status":"","sticky":false,"template":"","format":"standard","meta":{"footnotes":""},"tags":[],"class_list":["post-1408","post","type-post","status-publish","format-standard","hentry"],"_links":{"self":[{"href":"https:\/\/ambcopenaghen.esteri.it\/it\/wp-json\/wp\/v2\/posts\/1408","targetHints":{"allow":["GET"]}}],"collection":[{"href":"https:\/\/ambcopenaghen.esteri.it\/it\/wp-json\/wp\/v2\/posts"}],"about":[{"href":"https:\/\/ambcopenaghen.esteri.it\/it\/wp-json\/wp\/v2\/types\/post"}],"author":[{"embeddable":true,"href":"https:\/\/ambcopenaghen.esteri.it\/it\/wp-json\/wp\/v2\/users\/1"}],"replies":[{"embeddable":true,"href":"https:\/\/ambcopenaghen.esteri.it\/it\/wp-json\/wp\/v2\/comments?post=1408"}],"version-history":[{"count":0,"href":"https:\/\/ambcopenaghen.esteri.it\/it\/wp-json\/wp\/v2\/posts\/1408\/revisions"}],"wp:attachment":[{"href":"https:\/\/ambcopenaghen.esteri.it\/it\/wp-json\/wp\/v2\/media?parent=1408"}],"wp:term":[{"taxonomy":"post_tag","embeddable":true,"href":"https:\/\/ambcopenaghen.esteri.it\/it\/wp-json\/wp\/v2\/tags?post=1408"}],"curies":[{"name":"wp","href":"https:\/\/api.w.org\/{rel}","templated":true}]}}