{"id":1315,"date":"2016-07-06T11:31:39","date_gmt":"2016-07-06T09:31:39","guid":{"rendered":"https:\/\/ambcopenaghen.esteri.it\/news\/dall_ambasciata\/2016\/07\/residenza-d-artista-settore-design\/"},"modified":"2016-07-06T11:31:39","modified_gmt":"2016-07-06T09:31:39","slug":"residenza-d-artista-settore-design","status":"publish","type":"post","link":"https:\/\/ambcopenaghen.esteri.it\/it\/news\/dall_ambasciata\/2016\/07\/residenza-d-artista-settore-design\/","title":{"rendered":"Residenza d&#8217;artista &#8211; Settore Design &#8211; Il vincitore"},"content":{"rendered":"<p>La giuria composta da Marco Sammicheli, Stine Gam e Enrico Fratesi (GamFratesi), Ginevra Bocini (Bitossi Home) e Fabio Ruggirello (Istituto Italiano di Cultura &#8211; Copenaghen), dopo aver vagliato le numerose candidature, comunica che il vincitore della residenza \u00e8 Antonio Aric\u00f2 (Reggio Calabria, 1983). Durante il suo soggiorno in Danimarca il designer progetter\u00e0 uno servizio di piatti che verr\u00e0 prodotto da Bitossi Home e sar\u00e0 seguito dallo staff dell\u2019Ambasciata e dell\u2019Istituto Italiano di Cultura. Lo studio di design Italo-Danese GamFratesi lo introdurr\u00e0 alla scena locale e offrir\u00e0 assistenza professionale. La Camera di Commercio Italo-Danese organizzer\u00e0 una serie di presentazioni volte a favorire la conoscenza del designer e di un network di compagnie attive in Danimarca.<\/p>\n","protected":false},"excerpt":{"rendered":"La giuria composta da Marco Sammicheli, Stine Gam e Enrico Fratesi (GamFratesi), Ginevra Bocini (Bitossi Home) e Fabio Ruggirello (Istituto Italiano di Cultura &#8211; Copenaghen), dopo aver vagliato le numerose candidature, comunica che il vincitore della residenza \u00e8 Antonio Aric\u00f2 (Reggio Calabria, 1983). Durante il suo soggiorno in Danimarca il designer progetter\u00e0 uno servizio di [&hellip;]","protected":false},"author":1,"featured_media":0,"comment_status":"","ping_status":"","sticky":false,"template":"","format":"standard","meta":{"footnotes":""},"tags":[],"class_list":["post-1315","post","type-post","status-publish","format-standard","hentry"],"_links":{"self":[{"href":"https:\/\/ambcopenaghen.esteri.it\/it\/wp-json\/wp\/v2\/posts\/1315","targetHints":{"allow":["GET"]}}],"collection":[{"href":"https:\/\/ambcopenaghen.esteri.it\/it\/wp-json\/wp\/v2\/posts"}],"about":[{"href":"https:\/\/ambcopenaghen.esteri.it\/it\/wp-json\/wp\/v2\/types\/post"}],"author":[{"embeddable":true,"href":"https:\/\/ambcopenaghen.esteri.it\/it\/wp-json\/wp\/v2\/users\/1"}],"replies":[{"embeddable":true,"href":"https:\/\/ambcopenaghen.esteri.it\/it\/wp-json\/wp\/v2\/comments?post=1315"}],"version-history":[{"count":0,"href":"https:\/\/ambcopenaghen.esteri.it\/it\/wp-json\/wp\/v2\/posts\/1315\/revisions"}],"wp:attachment":[{"href":"https:\/\/ambcopenaghen.esteri.it\/it\/wp-json\/wp\/v2\/media?parent=1315"}],"wp:term":[{"taxonomy":"post_tag","embeddable":true,"href":"https:\/\/ambcopenaghen.esteri.it\/it\/wp-json\/wp\/v2\/tags?post=1315"}],"curies":[{"name":"wp","href":"https:\/\/api.w.org\/{rel}","templated":true}]}}