{"id":1035,"date":"2018-04-19T16:46:40","date_gmt":"2018-04-19T14:46:40","guid":{"rendered":"https:\/\/ambcopenaghen.esteri.it\/news\/dall_ambasciata\/2018\/04\/pourquoi-les-menages-italiens-plebiscitent\/"},"modified":"2018-04-19T16:46:40","modified_gmt":"2018-04-19T14:46:40","slug":"pourquoi-les-menages-italiens-plebiscitent","status":"publish","type":"post","link":"https:\/\/ambcopenaghen.esteri.it\/it\/news\/dall_ambasciata\/2018\/04\/pourquoi-les-menages-italiens-plebiscitent\/","title":{"rendered":"Pourquoi les m\u00e9nages italiens pl\u00e9biscitent l&#8217;investissement dans les PME"},"content":{"rendered":"<p><a href=\"resource\/doc\/2018\/04\/inv_pme.pdf\">Les plans individuels d&#8217;\u00e9pargne (PIR), lanc\u00e9s il y a un an, visent \u00e0 attirer vers les PME-PMI italiennes une partie de l&#8217;immense \u00e9pargne des m\u00e9nages italiens.<\/a> \u00a0<\/p>\n","protected":false},"excerpt":{"rendered":"Les plans individuels d&#8217;\u00e9pargne (PIR), lanc\u00e9s il y a un an, visent \u00e0 attirer vers les PME-PMI italiennes une partie de l&#8217;immense \u00e9pargne des m\u00e9nages italiens. \u00a0","protected":false},"author":1,"featured_media":0,"comment_status":"","ping_status":"","sticky":false,"template":"","format":"standard","meta":{"footnotes":""},"tags":[],"class_list":["post-1035","post","type-post","status-publish","format-standard","hentry"],"_links":{"self":[{"href":"https:\/\/ambcopenaghen.esteri.it\/it\/wp-json\/wp\/v2\/posts\/1035","targetHints":{"allow":["GET"]}}],"collection":[{"href":"https:\/\/ambcopenaghen.esteri.it\/it\/wp-json\/wp\/v2\/posts"}],"about":[{"href":"https:\/\/ambcopenaghen.esteri.it\/it\/wp-json\/wp\/v2\/types\/post"}],"author":[{"embeddable":true,"href":"https:\/\/ambcopenaghen.esteri.it\/it\/wp-json\/wp\/v2\/users\/1"}],"replies":[{"embeddable":true,"href":"https:\/\/ambcopenaghen.esteri.it\/it\/wp-json\/wp\/v2\/comments?post=1035"}],"version-history":[{"count":0,"href":"https:\/\/ambcopenaghen.esteri.it\/it\/wp-json\/wp\/v2\/posts\/1035\/revisions"}],"wp:attachment":[{"href":"https:\/\/ambcopenaghen.esteri.it\/it\/wp-json\/wp\/v2\/media?parent=1035"}],"wp:term":[{"taxonomy":"post_tag","embeddable":true,"href":"https:\/\/ambcopenaghen.esteri.it\/it\/wp-json\/wp\/v2\/tags?post=1035"}],"curies":[{"name":"wp","href":"https:\/\/api.w.org\/{rel}","templated":true}]}}