{"id":1547,"date":"2014-02-05T09:01:44","date_gmt":"2014-02-05T07:01:44","guid":{"rendered":"https:\/\/ambcopenaghen.esteri.it\/news\/dall_ambasciata\/2014\/02\/evento-gambero-rosso-2\/"},"modified":"2014-02-05T09:01:44","modified_gmt":"2014-02-05T07:01:44","slug":"evento-gambero-rosso-2","status":"publish","type":"post","link":"https:\/\/ambcopenaghen.esteri.it\/da\/news\/dall_ambasciata\/2014\/02\/evento-gambero-rosso-2\/","title":{"rendered":"POSITIV MODTAGELSE I DANMARK AF GAMBERO ROSSO\u2019s &#8220;VINI D&#8217;ITALIA TOUR&#8221;"},"content":{"rendered":"<p><SPAN lang=\"\"><br \/>\n<P>Skandinavien, og Danmark i s\u00e6rdeleshed, bekr\u00e6fter endnu en gang de senere \u00e5rs succes for italiensk kvalitetsvin p\u00e5 de nordiske markeder. I K\u00f8benhavn fandt m\u00f8det mellem udbud og eftersp\u00f8rgsel sted i det fornemme Moltkes Pal\u00e6 i byens historiske centrum, hvor mere end 500 import\u00f8rer, journalister og fagfolk m\u00f8dte frem. Tallene er s\u00e6rdeles opmuntrende: Danmarks import af italiensk vin steg med 7,4% i de f\u00f8rste 10 m\u00e5neder af 2013, sammenlignet med samme periode i 2012. Gambero Rosso\u2019s tour inkluderede ogs\u00e5 et bes\u00f8g p\u00e5 en af K\u00f8benhavn mest ber\u00f8mte italienske restauranter, San Giorgio, som har til huse i en 1800 tals-bygning, hvor filosoffen S\u00f8ren Kirkegaard engang boede.<BR><BR>For yderligere information: <BR><\/SPAN><A href=\"http:\/\/www.gamberorosso.it\/component\/k2\/item\/1019004-viaggio-in-scandinavia-tre-tappe-per-tre-storie?highlight=WyJtZWxpcyJd#prettyPhoto\"><U><FONT color=\"#0000ff\"><SPAN lang=\"\">http:\/\/www.gamberorosso.it\/component\/k2\/item\/1019004-viaggio-in-scandinavia-tre-tappe-per-tre-storie?highlight=WyJtZWxpcyJd#prettyPhoto<\/U><\/FONT><\/SPAN><\/A><SPAN lang=\"\"><BR><BR><IMG style=\"HEIGHT: 495px; WIDTH: 376px\" border=\"0\" alt=\"Moltkes Pal\u00e6\" src=\"\/resource\/2014\/05\/MolktesPalae.jpg\" width=\"553\" height=\"762\"><BR><SPAN lang=\"\"><EM>Publikum viste stor interesse for Gambero Rosso\u2019s event i K\u00f8benhavn<\/EM><BR><BR><IMG style=\"HEIGHT: 519px; WIDTH: 384px\" border=\"0\" alt=\"Ambassad\u00f8r Queirolo Palmas\" src=\"\/resource\/2014\/05\/AmbQueiroloPalmas1.jpg\" width=\"608\" height=\"775\"><BR><SPAN lang=\"\"><EM>Italiens Ambassad\u00f8r Stefano Queirolo Palmas i Molktes Pal\u00e6<BR><BR><IMG style=\"HEIGHT: 353px; WIDTH: 456px\" border=\"0\" alt=\"Sala Molktes Pal\u00e6\" src=\"\/resource\/2014\/05\/SalaMolktesPal1.jpg\" width=\"884\" height=\"738\"><BR>Hovedsalen i Molktes Pal\u00e6<BR><BR><\/EM><\/P><\/SPAN><\/SPAN><\/SPAN><\/p>\n","protected":false},"excerpt":{"rendered":"Skandinavien, og Danmark i s\u00e6rdeleshed, bekr\u00e6fter endnu en gang de senere \u00e5rs succes for italiensk kvalitetsvin p\u00e5 de nordiske markeder. I K\u00f8benhavn fandt m\u00f8det mellem udbud og eftersp\u00f8rgsel sted i det fornemme Moltkes Pal\u00e6 i byens historiske centrum, hvor mere end 500 import\u00f8rer, journalister og fagfolk m\u00f8dte frem. Tallene er s\u00e6rdeles opmuntrende: Danmarks import af [&hellip;]","protected":false},"author":1,"featured_media":0,"comment_status":"","ping_status":"","sticky":false,"template":"","format":"standard","meta":{"footnotes":""},"tags":[],"class_list":["post-1547","post","type-post","status-publish","format-standard","hentry"],"_links":{"self":[{"href":"https:\/\/ambcopenaghen.esteri.it\/da\/wp-json\/wp\/v2\/posts\/1547","targetHints":{"allow":["GET"]}}],"collection":[{"href":"https:\/\/ambcopenaghen.esteri.it\/da\/wp-json\/wp\/v2\/posts"}],"about":[{"href":"https:\/\/ambcopenaghen.esteri.it\/da\/wp-json\/wp\/v2\/types\/post"}],"author":[{"embeddable":true,"href":"https:\/\/ambcopenaghen.esteri.it\/da\/wp-json\/wp\/v2\/users\/1"}],"replies":[{"embeddable":true,"href":"https:\/\/ambcopenaghen.esteri.it\/da\/wp-json\/wp\/v2\/comments?post=1547"}],"version-history":[{"count":0,"href":"https:\/\/ambcopenaghen.esteri.it\/da\/wp-json\/wp\/v2\/posts\/1547\/revisions"}],"wp:attachment":[{"href":"https:\/\/ambcopenaghen.esteri.it\/da\/wp-json\/wp\/v2\/media?parent=1547"}],"wp:term":[{"taxonomy":"post_tag","embeddable":true,"href":"https:\/\/ambcopenaghen.esteri.it\/da\/wp-json\/wp\/v2\/tags?post=1547"}],"curies":[{"name":"wp","href":"https:\/\/api.w.org\/{rel}","templated":true}]}}