{"id":1542,"date":"2014-04-04T13:14:54","date_gmt":"2014-04-04T11:14:54","guid":{"rendered":"https:\/\/ambcopenaghen.esteri.it\/news\/dall_ambasciata\/2014\/04\/elezioni-amministrative-siciliane-2\/"},"modified":"2014-04-04T13:14:54","modified_gmt":"2014-04-04T11:14:54","slug":"elezioni-amministrative-siciliane-2","status":"publish","type":"post","link":"https:\/\/ambcopenaghen.esteri.it\/da\/news\/dall_ambasciata\/2014\/04\/elezioni-amministrative-siciliane-2\/","title":{"rendered":"KOMMUNALVALG D. 25. MAJ I REGIONEN SICILIEN"},"content":{"rendered":"<p>Med <A href=\"\/resource\/2014\/05\/Nota_Regione_Sicilia_n_5078_e_decreto_n_75.pdf\">Decreto Assessoriale n. 74 del 31\/03\/2014<\/A> er der udskrevet valg til posterne som borgmester, kommunalr\u00e5dsmedlemmer, valgkredsform\u00e6nd, og valgkredsr\u00e5d i de i dekretet omtalte kommuner. <BR><BR>Valgene finder sted d. 25. Maj 2014. Hvad ang\u00e5r borgmestervalgene, vil en eventuel 2. valgrunde finde sted l\u00f8rdag d. 8. og s\u00f8ndag d. 9. juni 2014. <BR><BR><BR><\/p>\n","protected":false},"excerpt":{"rendered":"Med Decreto Assessoriale n. 74 del 31\/03\/2014 er der udskrevet valg til posterne som borgmester, kommunalr\u00e5dsmedlemmer, valgkredsform\u00e6nd, og valgkredsr\u00e5d i de i dekretet omtalte kommuner. Valgene finder sted d. 25. Maj 2014. Hvad ang\u00e5r borgmestervalgene, vil en eventuel 2. valgrunde finde sted l\u00f8rdag d. 8. og s\u00f8ndag d. 9. juni 2014.","protected":false},"author":1,"featured_media":0,"comment_status":"","ping_status":"","sticky":false,"template":"","format":"standard","meta":{"footnotes":""},"tags":[],"class_list":["post-1542","post","type-post","status-publish","format-standard","hentry"],"_links":{"self":[{"href":"https:\/\/ambcopenaghen.esteri.it\/da\/wp-json\/wp\/v2\/posts\/1542","targetHints":{"allow":["GET"]}}],"collection":[{"href":"https:\/\/ambcopenaghen.esteri.it\/da\/wp-json\/wp\/v2\/posts"}],"about":[{"href":"https:\/\/ambcopenaghen.esteri.it\/da\/wp-json\/wp\/v2\/types\/post"}],"author":[{"embeddable":true,"href":"https:\/\/ambcopenaghen.esteri.it\/da\/wp-json\/wp\/v2\/users\/1"}],"replies":[{"embeddable":true,"href":"https:\/\/ambcopenaghen.esteri.it\/da\/wp-json\/wp\/v2\/comments?post=1542"}],"version-history":[{"count":0,"href":"https:\/\/ambcopenaghen.esteri.it\/da\/wp-json\/wp\/v2\/posts\/1542\/revisions"}],"wp:attachment":[{"href":"https:\/\/ambcopenaghen.esteri.it\/da\/wp-json\/wp\/v2\/media?parent=1542"}],"wp:term":[{"taxonomy":"post_tag","embeddable":true,"href":"https:\/\/ambcopenaghen.esteri.it\/da\/wp-json\/wp\/v2\/tags?post=1542"}],"curies":[{"name":"wp","href":"https:\/\/api.w.org\/{rel}","templated":true}]}}