{"id":1536,"date":"2014-05-08T11:47:40","date_gmt":"2014-05-08T09:47:40","guid":{"rendered":"https:\/\/ambcopenaghen.esteri.it\/news\/dall_ambasciata\/2014\/05\/brain-prize-2014-2\/"},"modified":"2014-05-08T11:47:40","modified_gmt":"2014-05-08T09:47:40","slug":"brain-prize-2014-2","status":"publish","type":"post","link":"https:\/\/ambcopenaghen.esteri.it\/da\/news\/dall_ambasciata\/2014\/05\/brain-prize-2014-2\/","title":{"rendered":"FORNEM DANSK HJERNEFORSKNINGSPRIS TIL DEN ITALIENSKE TOPFORSKER GIACOMO RIZZOLATTI"},"content":{"rendered":"<p>The Brain Prize \u2013 verdens st\u00f8rste hjerneforskningspris p\u00e5 1 mio. euro \u2013 blev i \u00e5r givet til tre forskere som har bidraget med afg\u00f8rende ny viden om empati, adf\u00e6rd, indl\u00e6ring og misbrug.<BR><BR>Den 1. maj overraktede <STRONG>Hendes Kongelige H\u00f8jhed Kronprinsessen<\/STRONG> prisen til tre f\u00f8rende hjerneforskere fra henholdsvis Frankrig, Italien og England. Overr\u00e6kkelsen skete ved en ceremoni p\u00e5 Det Kongelige Bibliotek i K\u00f8benhavn under overv\u00e6relse af en lang r\u00e6kke danske og internationale g\u00e6ster, herunder uddannelsesminister Sofie Carsten Nielsen samt ambassad\u00f8rer fra prisvindernes hjemlande.\u00a0<BR><BR>Prisen uddeles af Fonden for Grete Lundbecks Europ\u00e6iske Hjerneforskningspris og deles ligeligt mellem <STRONG>Giacomo Rizzolatti<\/STRONG>, Stanislas Dehaene og Trevor Robbins. De tre har bidraget med afg\u00f8rende ny viden om indl\u00e6ring af l\u00e6sning og matematik, social adf\u00e6rd og adf\u00e6rdsforstyrrelser som afh\u00e6ngighed og stofmisbrug, ADHD og tvangshandlinger. Og deres forskning har allerede f\u00f8rt til bedre unders\u00f8gelser og behandling af patienter med stofmisbrug, hjerneskader, og adf\u00e6rds- og indl\u00e6ringsproblemer.<BR><BR><STRONG>Dansk hjerneforskning styrkes<BR><\/STRONG>The Brain Prize blev indstiftet i 2010 og uddeles nu for fjerde \u00e5r i tr\u00e6k. Til prisen er tilknyttet et s\u00e5kaldt outreach program, der betyder, at prismodtagerne kommer til Danmark for at deltage i m\u00f8der og wokshops sammen med danske hjerneforskere. Programmet tilrettel\u00e6gges i samarbejde med de tre st\u00f8rste danske universiteter og Dansk Selskab for Neurovidenskab. Programmet s\u00f8rger for at The Brain Prize styrker og l\u00f8fter dansk hjerneforskning. Formanden for Fondens bestyrelse, professor Povl Krogsgaard-Larsen, siger:<BR><BR>\u201dAllerede nu, hvor The Brain Prize tildeles for fjerde gang, kan vi se, at den har f\u00e5et stor betydning for Danmark og for dansk hjerneforskning. Prisen og outreach programmet medvirker til at tiltr\u00e6kke internationale topforskere til stor gavn for dansk forskning og udvikling p\u00e5 dette vigtige, h\u00f8jt specialiserede omr\u00e5de, \u201d siger Povl Krogsgaard-Larsen.<BR><BR><STRONG>Forskning i det som g\u00f8r mennesker til mennesker<\/STRONG><BR>Albert Gjedde, professor i neurobiologi og farmakologi ved K\u00f8benhavns Universitet, siger om prisvindernes opdagelser: <BR>\u201d\u00c5rets prismodtagere har p\u00e5 enest\u00e5ende vis bidraget til at forst\u00e5, hvordan menneskehjernen fremmer lysten til at afsl\u00f8re mening og l\u00f8se opgaver, til at l\u00e6re af andre og at forst\u00e5 andres adf\u00e6rd og til at opleve den bel\u00f8nning, som driver os til at fors\u00f8ge at blive bedre og bedre n\u00e5r vi l\u00f8ser opgaver. Deres forskning har desuden belyst, hvordan disse mekanismer kan kortsluttes og f\u00f8re til psykiske sygdomme og lidelser. \u201d<BR><BR><STRONG>Om den prisbel\u00f8nnede forskning<\/STRONG><BR>N\u00e5r det sp\u00e6de barn spejler mors smil og smiler tilbage, er det et f\u00f8rste tegn p\u00e5 social adf\u00e6rd. Nu ved vi, at babyens smil skyldes en reaktion i de s\u00e5kaldte spejlneuroner i hjernens indviklede netv\u00e6rk. Det er italienske Giacomo Rizzolatti, der har opdaget og beskrevet spejlneuronerne i hjernens pande- og isselapper, mens franske Stanislas Dehaene har unders\u00f8gt Amazon indianere og p\u00e5vist at menneskets opfattelse af antal alts\u00e5 \u201df\u00e5 eller mange\u201d, er en medf\u00f8dt egenskab. Han har ogs\u00e5 vist, at talbehandling &#8211; at tr\u00e6kke fra og gange &#8211;\u00a0 foreg\u00e5r i adskilte kredsl\u00f8b i hjernen. Forskningen har stor betydning for at forst\u00e5 og behandle b\u00f8rn med indl\u00e6rings\u00acvanskeligheder. Trevor Robbins har opdaget bestemte netv\u00e6rk i hjernen og dermed leveret ny viden om hvordan sygdomstilstande som ADHD og tvangshandlinger opst\u00e5r og samtidigt kunnet p\u00e5vise at stofmisbrug er en s\u00e6rlig slags vane. Han har desuden v\u00e6ret hovedmanden bag udviklingen af et omfattende psykologisk testsystem, som bruges verden over til udredning af tankeforstyrrelser.\u00a0<BR><BR><STRONG>Om The Brain Prize<BR><\/STRONG>The Brain Prize p\u00e5 1 million \u20ac uddeles af den almenvelg\u00f8rende fond &#8211; Fonden for Grete Lundbecks Europ\u00e6iske Hjerneforskningspris. Det er i \u00e5r fjerde gang, prisen uddeles.<BR>The Brain Prize er en personlig pris, som gives til en eller flere forskere, der har udm\u00e6rket sig ved fremragende bidrag til europ\u00e6isk hjerneforskning. Prisen skal medvirke til at styrke det danske hjerneforskningsmilj\u00f8 ved \u00f8get samspil med forskning i det \u00f8vrige Europa.\u00a0<BR><BR>Se ogs\u00e5: <A href=\"http:\/\/www.thebrainprize.org\">www.thebrainprize.org<\/A> <BR><BR>&#8211; <A title=\"\" style=\"BORDER-LEFT-WIDTH: 0px; FONT-SIZE: 11px; FONT-FAMILY: inherit; BORDER-RIGHT-WIDTH: 0px; VERTICAL-ALIGN: baseline; BORDER-BOTTOM-WIDTH: 0px; COLOR: rgb(8,84,164); PADDING-BOTTOM: 0px; PADDING-TOP: 0px; PADDING-LEFT: 0px; TEXT-DECORATION: none; MARGIN: 0px; PADDING-RIGHT: 0px; BORDER-TOP-WIDTH: 0px\" href=\"\/resource\/2014\/10\/FENS_Trimestrialnewsletter_Summer2015.pdf\">Interview med Prof. Giacomo Rizzolatti<\/A>\u00a0i Federation of European Neuroscience Societies&#8217; nyhedsbrev<FONT size=\"2\">.<BR><SPAN class=\"Apple-style-span\" style=\"WHITE-SPACE: normal; BORDER-COLLAPSE: separate; TEXT-TRANSFORM: none; WORD-SPACING: 0px; COLOR: rgb(0,0,0); FONT: 16px 'Times New Roman'; ORPHANS: 2; WIDOWS: 2; LETTER-SPACING: normal; TEXT-INDENT: 0px; -webkit-border-horizontal-spacing: 0px; -webkit-border-vertical-spacing: 0px; -webkit-text-decorations-in-effect: none; -webkit-text-size-adjust: auto; -webkit-text-stroke-width: 0px\"><SPAN class=\"Apple-style-span\" style=\"FONT-SIZE: 11px; FONT-FAMILY: Verdana, 'Helvetica Neue', 'Lucida Grande', Helvetica, Arial, Verdana, sans-serif; COLOR: rgb(34,34,34); TEXT-ALIGN: justify; LINE-HEIGHT: 16px\">&#8211;<SPAN class=\"Apple-converted-space\">\u00a0<\/SPAN><A title=\"Intervista con Prof. Giacomo Rizzolatti\" style=\"BORDER-LEFT-WIDTH: 0px; FONT-SIZE: 11px; FONT-FAMILY: inherit; BORDER-RIGHT-WIDTH: 0px; VERTICAL-ALIGN: baseline; BORDER-BOTTOM-WIDTH: 0px; COLOR: rgb(8,84,164); PADDING-BOTTOM: 0px; PADDING-TOP: 0px; PADDING-LEFT: 0px; TEXT-DECORATION: none; MARGIN: 0px; PADDING-RIGHT: 0px; BORDER-TOP-WIDTH: 0px\" href=\"http:\/\/www.rai.tv\/dl\/RaiTV\/programmi\/media\/ContentItem-4f6f0307-b586-4f24-94f2-5ee6cac2e5be.html\">Interview med\u00a0Prof. Giacomo Rizzolatti<\/A><SPAN class=\"Apple-converted-space\">\u00a0<\/SPAN>i den italienske TV-program &#8220;Che Tempo che fa?&#8221; (RAITRE, 14\/12\/2014, p\u00e5 italiensk).<\/SPAN><\/SPAN><\/FONT><BR><BR>Den 2. maj har <a title=\"RIzzolatti\" href=\"http:\/\/www.iiccopenaghen.esteri.it\/IIC_Copenaghen\/webform\/SchedaEvento.aspx?id=623&#038;citta=Copenaghen\" target=\"_blank\" rel=\"noopener\">Det Italienske Kulturinstitut<\/A> arrangeret et m\u00f8de med prof. Rizzolatti, hvor mange repr\u00e6sentanter fra den videnskabelige, kulturelle og diplomatiske verden var til stede.<BR><BR><BR><IMG border=\"0\" alt=\"Princess Mary og Lundbeck Foundation\" src=\"\/resource\/2014\/05\/Rizzolatti1bis1.jpg\"><BR><EM>Princess Mary og Lundbeck Foundation. Foto: Hasse Ferrold.<\/EM><BR><BR><IMG border=\"0\" alt=\"Princess Mary\" src=\"\/resource\/2014\/05\/Rizzolatti2bis1.jpg\"><BR><EM>Kronprinsesse Mary. Foto: Hasse Ferrold.<BR><BR><BR><IMG border=\"0\" alt=\"De tre vindere og Kronprinsessen\" src=\"\/resource\/2014\/05\/Rizzolatti3bis1.jpg\"><BR>De tre prisvindere, Kronprinsessen og repr\u00e6sentanten af Lundbeck Foundation. Foto: Hasse Ferrold.<BR><BR><\/EM><IMG border=\"0\" alt=\"Gruppebillede\" src=\"\/resource\/2014\/05\/Rizzolatti4bis1.jpg\"><BR><EM>Gruppebillede. Foto: Hasse Ferrold. <BR><BR><IMG border=\"0\" alt=\"Rizzolatti og Ambassad\u00f8ren\" src=\"\/resource\/2014\/05\/Rizzolatti5bis1.jpg\"><BR><SPAN class=\"Apple-style-span\" style=\"WHITE-SPACE: normal; BORDER-COLLAPSE: separate; TEXT-TRANSFORM: none; WORD-SPACING: 0px; COLOR: rgb(0,0,0); FONT: 16px 'Times New Roman'; ORPHANS: 2; WIDOWS: 2; LETTER-SPACING: normal; TEXT-INDENT: 0px; -webkit-border-horizontal-spacing: 0px; -webkit-border-vertical-spacing: 0px; -webkit-text-decorations-in-effect: none; -webkit-text-size-adjust: auto; -webkit-text-stroke-width: 0px\"><SPAN class=\"Apple-style-span\" style=\"FONT-SIZE: 11px; FONT-FAMILY: Verdana, 'Helvetica Neue', 'Lucida Grande', Helvetica, Arial, Verdana, sans-serif; COLOR: rgb(34,34,34); TEXT-ALIGN: justify; LINE-HEIGHT: 16px\"><EM style=\"BORDER-LEFT-WIDTH: 0px; FONT-SIZE: 11px; FONT-FAMILY: inherit; BORDER-RIGHT-WIDTH: 0px; VERTICAL-ALIGN: baseline; BORDER-BOTTOM-WIDTH: 0px; PADDING-BOTTOM: 0px; FONT-STYLE: italic; PADDING-TOP: 0px; PADDING-LEFT: 0px; MARGIN: 0px; PADDING-RIGHT: 0px; BORDER-TOP-WIDTH: 0px; BACKGROUND-COLOR: transparent; background-origin: initial; background-clip: initial\">Prof. Rizzolatti sammen med Italiens Ambassad\u00f8r, Stefano Queirolo Palmas\u00a0(tv), <SPAN class=\"Apple-style-span\" style=\"WHITE-SPACE: normal; BORDER-COLLAPSE: separate; TEXT-TRANSFORM: none; WORD-SPACING: 0px; COLOR: rgb(0,0,0); FONT: 16px 'Times New Roman'; ORPHANS: 2; WIDOWS: 2; LETTER-SPACING: normal; TEXT-INDENT: 0px; -webkit-border-horizontal-spacing: 0px; -webkit-border-vertical-spacing: 0px; -webkit-text-decorations-in-effect: none; -webkit-text-size-adjust: auto; -webkit-text-stroke-width: 0px\"><SPAN class=\"Apple-style-span\" style=\"FONT-SIZE: 11px; FONT-FAMILY: Verdana, 'Helvetica Neue', 'Lucida Grande', Helvetica, Arial, Verdana, sans-serif; COLOR: rgb(34,34,34); TEXT-ALIGN: justify; LINE-HEIGHT: 16px\"><EM style=\"BORDER-LEFT-WIDTH: 0px; FONT-SIZE: 11px; FONT-FAMILY: inherit; BORDER-RIGHT-WIDTH: 0px; VERTICAL-ALIGN: baseline; BORDER-BOTTOM-WIDTH: 0px; PADDING-BOTTOM: 0px; FONT-STYLE: italic; PADDING-TOP: 0px; PADDING-LEFT: 0px; MARGIN: 0px; PADDING-RIGHT: 0px; BORDER-TOP-WIDTH: 0px; BACKGROUND-COLOR: transparent; background-origin: initial; background-clip: initial\">Frankrigs Ambassad\u00f8r,\u00a0Francois Jacques\u00a0Denis Zimeray,\u00a0og Storbritanniens Ambassad\u00f8r,\u00a0Vivien Frances\u00a0Life. Foto: Hasse Ferrold.<\/EM><\/SPAN><\/SPAN><\/EM><\/SPAN><\/SPAN><\/EM><BR><BR><\/p>\n","protected":false},"excerpt":{"rendered":"The Brain Prize \u2013 verdens st\u00f8rste hjerneforskningspris p\u00e5 1 mio. euro \u2013 blev i \u00e5r givet til tre forskere som har bidraget med afg\u00f8rende ny viden om empati, adf\u00e6rd, indl\u00e6ring og misbrug.Den 1. maj overraktede Hendes Kongelige H\u00f8jhed Kronprinsessen prisen til tre f\u00f8rende hjerneforskere fra henholdsvis Frankrig, Italien og England. Overr\u00e6kkelsen skete ved en ceremoni [&hellip;]","protected":false},"author":1,"featured_media":0,"comment_status":"","ping_status":"","sticky":false,"template":"","format":"standard","meta":{"footnotes":""},"tags":[],"class_list":["post-1536","post","type-post","status-publish","format-standard","hentry"],"_links":{"self":[{"href":"https:\/\/ambcopenaghen.esteri.it\/da\/wp-json\/wp\/v2\/posts\/1536","targetHints":{"allow":["GET"]}}],"collection":[{"href":"https:\/\/ambcopenaghen.esteri.it\/da\/wp-json\/wp\/v2\/posts"}],"about":[{"href":"https:\/\/ambcopenaghen.esteri.it\/da\/wp-json\/wp\/v2\/types\/post"}],"author":[{"embeddable":true,"href":"https:\/\/ambcopenaghen.esteri.it\/da\/wp-json\/wp\/v2\/users\/1"}],"replies":[{"embeddable":true,"href":"https:\/\/ambcopenaghen.esteri.it\/da\/wp-json\/wp\/v2\/comments?post=1536"}],"version-history":[{"count":0,"href":"https:\/\/ambcopenaghen.esteri.it\/da\/wp-json\/wp\/v2\/posts\/1536\/revisions"}],"wp:attachment":[{"href":"https:\/\/ambcopenaghen.esteri.it\/da\/wp-json\/wp\/v2\/media?parent=1536"}],"wp:term":[{"taxonomy":"post_tag","embeddable":true,"href":"https:\/\/ambcopenaghen.esteri.it\/da\/wp-json\/wp\/v2\/tags?post=1536"}],"curies":[{"name":"wp","href":"https:\/\/api.w.org\/{rel}","templated":true}]}}