{"id":1531,"date":"2014-06-30T08:12:31","date_gmt":"2014-06-30T06:12:31","guid":{"rendered":"https:\/\/ambcopenaghen.esteri.it\/news\/dall_ambasciata\/2014\/06\/missione-ambasciatore-groenlandia-2\/"},"modified":"2014-06-30T08:12:31","modified_gmt":"2014-06-30T06:12:31","slug":"missione-ambasciatore-groenlandia-2","status":"publish","type":"post","link":"https:\/\/ambcopenaghen.esteri.it\/da\/news\/dall_ambasciata\/2014\/06\/missione-ambasciatore-groenlandia-2\/","title":{"rendered":"ITALIEN-GR\u00d8NLAND: AMBASSAD\u00d8R QUEIROLO PALMAS P\u00c5 BES\u00d8G I NUUK."},"content":{"rendered":"<p style=\"text-align: justify;\">I dagene 16.-20. juni var Italiens Ambassad\u00f8r Stefano Queirolo Palmas p\u00e5 sin f\u00f8rste embedsrejse til Gr\u00f8nland. Rejsens f\u00f8rste etape var Ilulissat, Gr\u00f8nlands tredje st\u00f8rste by, som ligger ved den spektakul\u00e6re Diskosbugt. Her m\u00f8dtes ambassad\u00f8ren blandt andet med den italienske konsul\u00e6r-korrespondent Erik Bjerregaard. Bes\u00f8get fortsatte derefter i Nuuk, Gr\u00f8nlands hovedstad, hvor ambassad\u00f8ren m\u00f8dtes med de gr\u00f8nlandske myndigheder, herunder\u00a0 regeringsleder Aleqa Hammond, med hvem han dr\u00f8ftede mulighederne for bilateralt samarbejde og Expo 2015.<\/p>\n<p>Aleqa Hammond lyk\u00f8nskede Italien med optagelsen som permanent observat\u00f8r i Arktisk R\u00e5d og udtrykte h\u00e5b om en styrkelse af de bilaterale relationer indenfor videnskabeligt samarbejde, turisme, handel og uddannelse. Ambassad\u00f8ren foreslog Gr\u00f8nland at deltage i Expo 2015, hvor temaet \u201cb\u00e6redygtig ern\u00e6ring\u201d er af stor relevans for den gr\u00f8nlandske \u00f8konomi, som prim\u00e6rt er baseret p\u00e5 fiskeindustrien. <\/p>\n<p>Gr\u00f8nland har selvstyre og er en del af Kongeriget Danmark. Regeringen i K\u00f8benhavn er ansvarlig for Gr\u00f8nlands udenrigs- og forsvarspolitik.<br \/>Efter m\u00f8det kom Regeringsleder Aleqa Hammond med f\u00f8lgende udtalelse:<\/p>\n<p>\u201dJeg har haft et godt og meget positivt f\u00f8rste m\u00f8de med Ambassad\u00f8r Queirolo Palmas. Italien er en vigtig partner for Gr\u00f8nland ogs\u00e5 i forhold til vores relationer til EU. Vores relation til Italien er blevet endnu vigtigere og mere aktuelt siden Italien sidste \u00e5r fik observat\u00f8rstatus i Arktisk R\u00e5d. Dette l\u00e6gger fundamentet for at udbygge et godt og bredt bilateralt samarbejde som helt sikkert skal udforskes yderligere. Jeg har benyttet lejligheden til s\u00e6rligt at fremh\u00e6ve Gr\u00f8nlands engagement i Arktiske samarbejder ligesom jeg fremh\u00e6vede IWC sp\u00f8rgsm\u00e5let overfor Ambassad\u00f8ren. For Gr\u00f8nland er det vigtigt, at skabe forst\u00e5else for at den gr\u00f8nlandske hvalfangst baserer sig p\u00e5 b\u00e6redygtighedsprincippet og at vores kvoter bliver sat ud fra et videnskabeligt grundlag\u201d. <\/p>\n<p><img decoding=\"async\" src=\"\/resource\/2014\/07\/AmbGroenlandia1.jpg\" alt=\"Ambassador Queirolo Palmas and Greenland's PM Aleqa Hammond\" border=\"0\" \/><\/p>\n","protected":false},"excerpt":{"rendered":"I dagene 16.-20. juni var Italiens Ambassad\u00f8r Stefano Queirolo Palmas p\u00e5 sin f\u00f8rste embedsrejse til Gr\u00f8nland. Rejsens f\u00f8rste etape var Ilulissat, Gr\u00f8nlands tredje st\u00f8rste by, som ligger ved den spektakul\u00e6re Diskosbugt. Her m\u00f8dtes ambassad\u00f8ren blandt andet med den italienske konsul\u00e6r-korrespondent Erik Bjerregaard. Bes\u00f8get fortsatte derefter i Nuuk, Gr\u00f8nlands hovedstad, hvor ambassad\u00f8ren m\u00f8dtes med de gr\u00f8nlandske [&hellip;]","protected":false},"author":1,"featured_media":0,"comment_status":"","ping_status":"","sticky":false,"template":"","format":"standard","meta":{"footnotes":""},"tags":[],"class_list":["post-1531","post","type-post","status-publish","format-standard","hentry"],"_links":{"self":[{"href":"https:\/\/ambcopenaghen.esteri.it\/da\/wp-json\/wp\/v2\/posts\/1531","targetHints":{"allow":["GET"]}}],"collection":[{"href":"https:\/\/ambcopenaghen.esteri.it\/da\/wp-json\/wp\/v2\/posts"}],"about":[{"href":"https:\/\/ambcopenaghen.esteri.it\/da\/wp-json\/wp\/v2\/types\/post"}],"author":[{"embeddable":true,"href":"https:\/\/ambcopenaghen.esteri.it\/da\/wp-json\/wp\/v2\/users\/1"}],"replies":[{"embeddable":true,"href":"https:\/\/ambcopenaghen.esteri.it\/da\/wp-json\/wp\/v2\/comments?post=1531"}],"version-history":[{"count":0,"href":"https:\/\/ambcopenaghen.esteri.it\/da\/wp-json\/wp\/v2\/posts\/1531\/revisions"}],"wp:attachment":[{"href":"https:\/\/ambcopenaghen.esteri.it\/da\/wp-json\/wp\/v2\/media?parent=1531"}],"wp:term":[{"taxonomy":"post_tag","embeddable":true,"href":"https:\/\/ambcopenaghen.esteri.it\/da\/wp-json\/wp\/v2\/tags?post=1531"}],"curies":[{"name":"wp","href":"https:\/\/api.w.org\/{rel}","templated":true}]}}