{"id":1514,"date":"2014-09-16T11:02:05","date_gmt":"2014-09-16T09:02:05","guid":{"rendered":"https:\/\/ambcopenaghen.esteri.it\/news\/dall_ambasciata\/2014\/09\/visita-isole-faroe-2\/"},"modified":"2014-09-16T11:02:05","modified_gmt":"2014-09-16T09:02:05","slug":"visita-isole-faroe-2","status":"publish","type":"post","link":"https:\/\/ambcopenaghen.esteri.it\/da\/news\/dall_ambasciata\/2014\/09\/visita-isole-faroe-2\/","title":{"rendered":"ITALIEN \u2013 F\u00c6R\u00d8ERNE: AMBASSAD\u00d8R QUEIROLO PALMAS P\u00c5 BES\u00d8G I THORSHAVN"},"content":{"rendered":"<p style=\"text-align: justify;\">Fra d. 5. til d. 8. september var Ambassad\u00f8rparret Queirolo Palmas p\u00e5 sit f\u00f8rste officielle bes\u00f8g p\u00e5 F\u00e6r\u00f8erne, ledsaget af Direkt\u00f8ren for Det Italienske Kulturinstitut i K\u00f8benhavn, Fabio Ruggirello. <\/p>\n<p>F\u00f8rste stop p\u00e5 turen var hovedstaden Thorshavn, hvor ambassad\u00f8ren blandt andet havde lejlighed til at tr\u00e6ffe Italiens honor\u00e6re vice-konsul p\u00e5 F\u00e6r\u00f8erne, Magni Arge. <br \/>I Thorshavn m\u00f8dtes Ambassad\u00f8ren med F\u00e6r\u00f8ernes Lagmand, den konservative Kai Leo Holm Johannesen, samt med Kulturminister Bj\u00f8rn Kals\u00f8, Fiskeriminister Jacob Vestergaard og Thorshavns Viceborgmester, J\u00f3gvan Arge. P\u00e5 m\u00f8derne dr\u00f8ftede parterne en bred vifte af emner, herunder mulighederne for f\u00e6r\u00f8sk deltagelse i EXPO 2015, en styrkelse af samarbejdet p\u00e5 det kulturelle omr\u00e5de, mulighederne for at arrangere en Italiensk Dag p\u00e5 F\u00e6r\u00f8erne \u2013 evt. samfaldende med Italiens nationaldag \u2013 samt mulighederne for etablering af venskabsbyer.\u00a0<\/p>\n<p>Ambassad\u00f8ren bes\u00f8gte endvidere et elkraftv\u00e6rk tilh\u00f8rende det f\u00e6r\u00f8ske el-selskab SEV, som p\u00e5 mellemlangt sigt satser p\u00e5 at opn\u00e5 total uafh\u00e6ngighed af fossile br\u00e6ndstoffer. Derudover deltog ambassad\u00f8ren i indvielsen af en ny fabrik til nedfrosning af fisk (med en daglig produktion p\u00e5 650 tons) med italiensk-producerede forpakningsmaskiner. <\/p>\n<p>Bes\u00f8get havde ogs\u00e5 et kulturelt indslag i form af en koncert med den italienske komponist og jazzmusiker Paolo Russo. <\/p>\n<p>Ambassad\u00f8rens bes\u00f8g blev omtalt i de f\u00e6r\u00f8ske medier: <a href=\"http:\/\/aktuelt.fo\/mentanarsamstarv+vid+italia.html\">http:\/\/aktuelt.fo\/mentanarsamstarv+vid+italia.html<\/a> <br \/><a href=\"http:\/\/www.in.fo\/news-detail\/news\/foeroyar-og-italia-samstarva-um-mentan\/?sword_list[]=Queirolo&#038;no_cache=1\">http:\/\/www.in.fo\/news-detail\/news\/foeroyar-og-italia-samstarva-um-mentan\/?sword_list[]=Queirolo&#038;no_cache=1<\/a>\u00a0<\/p>\n<p>Pressemeddelelse fra det F\u00e6r\u00f8ske Kulturministerium: <a href=\"http:\/\/mmr.fo\/Default.aspx?pageid=16916&#038;NewsItemID=19083\">http:\/\/mmr.fo\/Default.aspx?pageid=16916&#038;NewsItemID=19083<\/a> (p\u00e5 f\u00e6r\u00f8sk. For en engelsk overs\u00e6ttelse, se nedenst\u00e5ende)<\/p>\n<p><span class=\"Apple-style-span\" style=\"white-space: normal; border-collapse: separate; text-transform: none; word-spacing: 0px; color: #000000; font: 16px 'Times New Roman'; orphans: 2; widows: 2; letter-spacing: normal; text-indent: 0px; -webkit-border-horizontal-spacing: 0px; -webkit-border-vertical-spacing: 0px; -webkit-text-decorations-in-effect: none; -webkit-text-size-adjust: auto; -webkit-text-stroke-width: 0px;\"><span class=\"Apple-style-span\" style=\"font-size: 11px; font-family: Verdana, 'Helvetica Neue', 'Lucida Grande', Helvetica, Arial, Verdana, sans-serif; color: #222222; text-align: justify; line-height: 16px;\"><strong style=\"font-weight: bold;\">Cultural Collaboration with Italy<\/strong><br \/>Bj\u00f8rn Kals\u00f8, Minister of Education, Research and Culture, had the pleasure to meet the Italian Ambassador Stefano Queirolo Palmas, who is currently visiting the Faroes. Among other issues they discussed the possibilities of a cultural collaboration between the two countries. This could include a collaboration in the fields of research, education, arts and music.<br \/>When it comes to a cultural heritage Italy, especially with ancient Rome, is one of the richest countries in Europe. The Italian Ambassador Stefano Queirolo Palmas was interested in the Faroese cultural heritage and the strong will the population has to preserve it as well as the will to develop their culture and education.<br \/>Bj\u00f8rn Kals\u00f8, Minister, and Stefano Queirolo Palmas, Ambassador, agreed that a cultural collaboration would be advantageous in the relationship between the two countries in the future.<span class=\"Apple-converted-space\"><\/span><\/p>\n<p><img decoding=\"async\" src=\"\/resource\/2014\/09\/MissioneIsoleFaroe1.jpg\" alt=\"Missione Isole Faroe\" border=\"0\" \/><br \/><span class=\"Apple-style-span\" style=\"white-space: normal; border-collapse: separate; text-transform: none; word-spacing: 0px; color: #000000; font: 16px 'Times New Roman'; orphans: 2; widows: 2; letter-spacing: normal; text-indent: 0px; -webkit-border-horizontal-spacing: 0px; -webkit-border-vertical-spacing: 0px; -webkit-text-decorations-in-effect: none; -webkit-text-size-adjust: auto; -webkit-text-stroke-width: 0px;\"><span class=\"Apple-style-span\" style=\"font-size: 11px; font-family: Verdana, 'Helvetica Neue', 'Lucida Grande', Helvetica, Arial, Verdana, sans-serif; color: #222222; text-align: justify; line-height: 16px;\"><em style=\"font-size: 11px; font-family: inherit; vertical-align: baseline; font-style: italic; margin: 0px; background-color: transparent; background-origin: initial; background-clip: initial; border-width: 0px; padding: 0px;\">Fra venstre: Fabio Ruggirello, Direkt\u00f8r for Det Italienske Kulturinstitut, Ornella Cuppone, Ambassad\u00f8rens fru, Stefano Queirolo Palmas, Ambassad\u00f8r, Bj\u00f8rn Kals\u00f8, f\u00e6r\u00f8sk Kulturminister, Paolo Russo, musiker. Foto:<span class=\"Apple-converted-space\"><\/span><\/em><a href=\"http:\/\/mmr.fo\" style=\"font-size: 11px; font-family: inherit; vertical-align: baseline; color: #0854a4; text-decoration: none; margin: 0px; border-width: 0px; padding: 0px;\" title=\"\"><em style=\"font-size: 11px; font-family: inherit; vertical-align: baseline; font-style: italic; margin: 0px; background-color: transparent; background-origin: initial; background-clip: initial; border-width: 0px; padding: 0px;\">http:\/\/mmr.fo<\/em><\/a><br \/><\/span><\/span><br \/><\/span><\/span><\/p>\n","protected":false},"excerpt":{"rendered":"Fra d. 5. til d. 8. september var Ambassad\u00f8rparret Queirolo Palmas p\u00e5 sit f\u00f8rste officielle bes\u00f8g p\u00e5 F\u00e6r\u00f8erne, ledsaget af Direkt\u00f8ren for Det Italienske Kulturinstitut i K\u00f8benhavn, Fabio Ruggirello. F\u00f8rste stop p\u00e5 turen var hovedstaden Thorshavn, hvor ambassad\u00f8ren blandt andet havde lejlighed til at tr\u00e6ffe Italiens honor\u00e6re vice-konsul p\u00e5 F\u00e6r\u00f8erne, Magni Arge. I Thorshavn m\u00f8dtes [&hellip;]","protected":false},"author":1,"featured_media":0,"comment_status":"","ping_status":"","sticky":false,"template":"","format":"standard","meta":{"footnotes":""},"tags":[],"class_list":["post-1514","post","type-post","status-publish","format-standard","hentry"],"_links":{"self":[{"href":"https:\/\/ambcopenaghen.esteri.it\/da\/wp-json\/wp\/v2\/posts\/1514","targetHints":{"allow":["GET"]}}],"collection":[{"href":"https:\/\/ambcopenaghen.esteri.it\/da\/wp-json\/wp\/v2\/posts"}],"about":[{"href":"https:\/\/ambcopenaghen.esteri.it\/da\/wp-json\/wp\/v2\/types\/post"}],"author":[{"embeddable":true,"href":"https:\/\/ambcopenaghen.esteri.it\/da\/wp-json\/wp\/v2\/users\/1"}],"replies":[{"embeddable":true,"href":"https:\/\/ambcopenaghen.esteri.it\/da\/wp-json\/wp\/v2\/comments?post=1514"}],"version-history":[{"count":0,"href":"https:\/\/ambcopenaghen.esteri.it\/da\/wp-json\/wp\/v2\/posts\/1514\/revisions"}],"wp:attachment":[{"href":"https:\/\/ambcopenaghen.esteri.it\/da\/wp-json\/wp\/v2\/media?parent=1514"}],"wp:term":[{"taxonomy":"post_tag","embeddable":true,"href":"https:\/\/ambcopenaghen.esteri.it\/da\/wp-json\/wp\/v2\/tags?post=1514"}],"curies":[{"name":"wp","href":"https:\/\/api.w.org\/{rel}","templated":true}]}}