{"id":1507,"date":"2014-10-03T13:17:06","date_gmt":"2014-10-03T11:17:06","guid":{"rendered":"https:\/\/ambcopenaghen.esteri.it\/news\/dall_ambasciata\/2014\/10\/mario-monti-a-copenaghen-2\/"},"modified":"2014-10-03T13:17:06","modified_gmt":"2014-10-03T11:17:06","slug":"mario-monti-a-copenaghen-2","status":"publish","type":"post","link":"https:\/\/ambcopenaghen.esteri.it\/da\/news\/dall_ambasciata\/2014\/10\/mario-monti-a-copenaghen-2\/","title":{"rendered":"SENATOR MARIO MONTI I K\u00d8BENHAVN"},"content":{"rendered":"<p style=\"text-align: justify;\">Fra 1. september til 1. oktober var Senator <strong>Mario Monti<\/strong> i K\u00f8benhavn, hvor han deltog i et t\u00e6tpakket program af institutionelle og akademiske m\u00f8der, der var koordineret af Ambassaden ogs\u00e5 i anledning af det italienske EU-formandsskab.<\/p>\n<p>I sin egenskab af formand for EU\u2019s Kommission for Egne Indt\u00e6gter, havde Senator Monti bilaterale m\u00f8der med Statsminister <strong>Helle Thorning-Schmidt<\/strong> og Udenrigsminister <strong>Martin Lidegaard<\/strong>. Sammen med Helle Thorning-Schmidt og Finlands udenrigsminister Alexander Stubb var han derefter <em>guest speaker<\/em> ved Dansk Industris \u00e5rlige topm\u00f8de, der i \u00e5r fokuserede p\u00e5 arbejdstagernes frie bev\u00e6gelighed. Sluttelig talte Senator Monti, sammen med Udenrigsminister Lidegaard, ved et seminar om Europas fremtid. Seminaret, der var organiseret af Dansk Udenrigspolitisk Selskab, blev afholdt p\u00e5 K\u00f8benhavns Universitet foran et talst\u00e6rkt publikum af studerende og andre interesserede. <\/p>\n<p>Mange emner blev ber\u00f8rt i samtalerne med de danske regeringsrepr\u00e6sentanter og i de offentlige indl\u00e6g, herunder f\u00f8rst og fremmest Europas rolle og kontinentets udsigter til at overvinde krisen. EU kan, if\u00f8lge Senator Monti, kan ikke n\u00f8jes med at kontrollere Eurolandenes offentlige finanser, men b\u00f8r \u2013 sidel\u00f8bende med det finanspolitiske fokus \u2013 l\u00e6gge st\u00f8rre v\u00e6gt p\u00e5 investeringer i de infrastrukturer, der er n\u00f8dvendige for realiseringen af det indre marked, is\u00e6r indenfor energisektoren, den digitale \u00f8konomi, professioner og tjenesteydelser.<\/p>\n<p>I den nuv\u00e6rende situation, hvor renteniveauet n\u00e6rmer sig nul, ville en politik, der afviser produktionsinvesteringer med et afkast p\u00e5 3-5%, v\u00e6re lige s\u00e5 respektl\u00f8s overfor de kommende generationer som en politik, der indeb\u00e6rer en overdreven ekspansion af de offentlige budgetter. <\/p>\n<p>Senator Montis tale ved Dansk Industri kan ses p\u00e5 linket: <\/p>\n<p><a href=\"http:\/\/tv.di.dk\/video\/10369474\/italiens-fhv-premiereminister-mario\"><span style=\"text-decoration: underline;\"><span style=\"color: #0000ff;\"><span lang=\"\">http:\/\/tv.di.dk\/video\/10369474\/italiens-fhv-premiereminister-mario<\/span><\/span><\/span><\/a><span lang=\"\"><\/p>\n<p><img loading=\"lazy\" decoding=\"async\" style=\"height: 439px; width: 591px;\" src=\"\/resource\/2014\/10\/MontiDybvad_1024581424.jpg\" alt=\"Monti Dybvad\" width=\"1151\" height=\"767\" border=\"0\" \/><br \/><span lang=\"\"><em>Senator Monti og Administerende Direkt\u00f8r for Dansk Industri, Karsten Dybvad. Foto: Berlingske Business \/ DI.<\/em><\/p>\n<p><img decoding=\"async\" src=\"\/resource\/2014\/10\/Monti_UNICPH1.jpg\" alt=\"Monti UNI CPH\" border=\"0\" \/><br \/><span lang=\"\"><em>Senator Mario Monti taler p\u00e5 K\u00f8benhavns Universitet.<\/em> <\/p>\n<p><img decoding=\"async\" src=\"\/resource\/2014\/10\/Lidegaard_UNICPH1.jpg\" alt=\"Lidegaard UNI CPH\" border=\"0\" \/><br \/><span lang=\"\"><em>Udenrigsminister Martin Lidegaard taler p\u00e5 K\u00f8benhavns Universitet. <\/p>\n<p><\/em><\/span><\/span><\/span><\/span><\/p>\n","protected":false},"excerpt":{"rendered":"Fra 1. september til 1. oktober var Senator Mario Monti i K\u00f8benhavn, hvor han deltog i et t\u00e6tpakket program af institutionelle og akademiske m\u00f8der, der var koordineret af Ambassaden ogs\u00e5 i anledning af det italienske EU-formandsskab. I sin egenskab af formand for EU\u2019s Kommission for Egne Indt\u00e6gter, havde Senator Monti bilaterale m\u00f8der med Statsminister Helle [&hellip;]","protected":false},"author":1,"featured_media":0,"comment_status":"","ping_status":"","sticky":false,"template":"","format":"standard","meta":{"footnotes":""},"tags":[],"class_list":["post-1507","post","type-post","status-publish","format-standard","hentry"],"_links":{"self":[{"href":"https:\/\/ambcopenaghen.esteri.it\/da\/wp-json\/wp\/v2\/posts\/1507","targetHints":{"allow":["GET"]}}],"collection":[{"href":"https:\/\/ambcopenaghen.esteri.it\/da\/wp-json\/wp\/v2\/posts"}],"about":[{"href":"https:\/\/ambcopenaghen.esteri.it\/da\/wp-json\/wp\/v2\/types\/post"}],"author":[{"embeddable":true,"href":"https:\/\/ambcopenaghen.esteri.it\/da\/wp-json\/wp\/v2\/users\/1"}],"replies":[{"embeddable":true,"href":"https:\/\/ambcopenaghen.esteri.it\/da\/wp-json\/wp\/v2\/comments?post=1507"}],"version-history":[{"count":0,"href":"https:\/\/ambcopenaghen.esteri.it\/da\/wp-json\/wp\/v2\/posts\/1507\/revisions"}],"wp:attachment":[{"href":"https:\/\/ambcopenaghen.esteri.it\/da\/wp-json\/wp\/v2\/media?parent=1507"}],"wp:term":[{"taxonomy":"post_tag","embeddable":true,"href":"https:\/\/ambcopenaghen.esteri.it\/da\/wp-json\/wp\/v2\/tags?post=1507"}],"curies":[{"name":"wp","href":"https:\/\/api.w.org\/{rel}","templated":true}]}}