{"id":1503,"date":"2014-10-08T11:54:38","date_gmt":"2014-10-08T09:54:38","guid":{"rendered":"https:\/\/ambcopenaghen.esteri.it\/news\/dall_ambasciata\/2014\/10\/dibattito-presue-movimento-europeo-odense-2\/"},"modified":"2014-10-08T11:54:38","modified_gmt":"2014-10-08T09:54:38","slug":"dibattito-presue-movimento-europeo-odense-2","status":"publish","type":"post","link":"https:\/\/ambcopenaghen.esteri.it\/da\/news\/dall_ambasciata\/2014\/10\/dibattito-presue-movimento-europeo-odense-2\/","title":{"rendered":"DET ITALIENSKE EU-FORMANDSSKABS PRIORITETER \u2013 DEBAT MED EUROPABEV\u00c6GELSEN I ODENSE"},"content":{"rendered":"<p><SPAN lang=\"\"><br \/>\n<P>D. 25. settember 2014 arrangerede Europabev\u00e6gelsen i Odense en debat p\u00e5 &#8220;Paarup Sogneg\u00e5rd&#8221; om det italienske EU-formandsskab med deltagelse af Italiens Ambassade. Ambassader\u00e5d <B>Marco Lattanzi<\/B> fremlagde formandsskabets fokusomr\u00e5der for de fremm\u00f8dte og svarede p\u00e5 de mange sp\u00f8rgsm\u00e5l og indl\u00e6g. Udover EU-formandsskabet, ber\u00f8rte debatten ogs\u00e5 Italiens historie, \u00f8konomi og arbejdsmarkedsforhold. <BR><BR>Udover Marco Lattanzi, var der ogs\u00e5 indl\u00e6g ved politolog og udenrigspolitisk ekspert <B>Poul Breyen<\/B> og sognepr\u00e6st, forfatter og historiker <B>Torben Hangaard<\/B>.<BR><BR>Link til billeder fra arrangementet: <\/SPAN><A href=\"http:\/\/www.eubevfyn.dk\/aktiviteter\/formandskaber\/italien-2014\"><U><FONT color=\"#0000ff\"><SPAN lang=\"\">http:\/\/www.eubevfyn.dk\/aktiviteter\/formandskaber\/italien-2014<\/U><\/FONT><\/SPAN><\/A><BR><BR><\/P><\/p>\n","protected":false},"excerpt":{"rendered":"D. 25. settember 2014 arrangerede Europabev\u00e6gelsen i Odense en debat p\u00e5 &#8220;Paarup Sogneg\u00e5rd&#8221; om det italienske EU-formandsskab med deltagelse af Italiens Ambassade. Ambassader\u00e5d Marco Lattanzi fremlagde formandsskabets fokusomr\u00e5der for de fremm\u00f8dte og svarede p\u00e5 de mange sp\u00f8rgsm\u00e5l og indl\u00e6g. Udover EU-formandsskabet, ber\u00f8rte debatten ogs\u00e5 Italiens historie, \u00f8konomi og arbejdsmarkedsforhold. Udover Marco Lattanzi, var der ogs\u00e5 [&hellip;]","protected":false},"author":1,"featured_media":0,"comment_status":"","ping_status":"","sticky":false,"template":"","format":"standard","meta":{"footnotes":""},"tags":[],"class_list":["post-1503","post","type-post","status-publish","format-standard","hentry"],"_links":{"self":[{"href":"https:\/\/ambcopenaghen.esteri.it\/da\/wp-json\/wp\/v2\/posts\/1503","targetHints":{"allow":["GET"]}}],"collection":[{"href":"https:\/\/ambcopenaghen.esteri.it\/da\/wp-json\/wp\/v2\/posts"}],"about":[{"href":"https:\/\/ambcopenaghen.esteri.it\/da\/wp-json\/wp\/v2\/types\/post"}],"author":[{"embeddable":true,"href":"https:\/\/ambcopenaghen.esteri.it\/da\/wp-json\/wp\/v2\/users\/1"}],"replies":[{"embeddable":true,"href":"https:\/\/ambcopenaghen.esteri.it\/da\/wp-json\/wp\/v2\/comments?post=1503"}],"version-history":[{"count":0,"href":"https:\/\/ambcopenaghen.esteri.it\/da\/wp-json\/wp\/v2\/posts\/1503\/revisions"}],"wp:attachment":[{"href":"https:\/\/ambcopenaghen.esteri.it\/da\/wp-json\/wp\/v2\/media?parent=1503"}],"wp:term":[{"taxonomy":"post_tag","embeddable":true,"href":"https:\/\/ambcopenaghen.esteri.it\/da\/wp-json\/wp\/v2\/tags?post=1503"}],"curies":[{"name":"wp","href":"https:\/\/api.w.org\/{rel}","templated":true}]}}