{"id":1497,"date":"2014-11-04T14:44:38","date_gmt":"2014-11-04T12:44:38","guid":{"rendered":"https:\/\/ambcopenaghen.esteri.it\/news\/dall_ambasciata\/2014\/11\/commemorazione-caduti-italiani-2\/"},"modified":"2014-11-04T14:44:38","modified_gmt":"2014-11-04T12:44:38","slug":"commemorazione-caduti-italiani-2","status":"publish","type":"post","link":"https:\/\/ambcopenaghen.esteri.it\/da\/news\/dall_ambasciata\/2014\/11\/commemorazione-caduti-italiani-2\/","title":{"rendered":"MINDEH\u00d8JTIDELIGHED FOR ITALIENSKE SOLDATER BEGRAVET I DANMARK"},"content":{"rendered":"<p><P>Tirsdag d. 4. november blev der ved de Italienske Krigsgrave p\u00e5 den katolske afdeling af Vestre Kirkegaard afholdt en mindeh\u00f8jtidelighed for de italienske soldater, som blev stedt til hvile i Danmark. <BR><BR>Italiens Ambassad\u00f8r, Stefano Queirolo Palmas, lagde sammen med den italienske H\u00e6rattach\u00e9, Oberst Massimo Biagini, en krans og holdt en kort tale for de fremm\u00f8dte. <BR>Til tonerne af &#8220;Silenzio&#8221;, spillet af Paolo Russo, \u00e6rede man derefter de unge m\u00e6nd, som mistede deres liv for F\u00e6drelandet. Den katolske pr\u00e6st Fabrizio Milazzo sagde en b\u00f8n og gav sin velsignelse. <BR><BR><BR><IMG border=\"0\" alt=\"Commemorazione Caduti\" src=\"\/resource\/2014\/11\/04NOV2014_3.jpg\"><BR><SPAN lang=\"\"><EM>Ambassad\u00f8r Stefano Queirolo Palmas og Oberst Massimo Biagini foran monumentet for de italienske soldater, som ligger begravet i Danmark.<\/EM> <BR><BR><IMG border=\"0\" alt=\"Commemorazione Caduti\" src=\"\/resource\/2014\/11\/04NOV2014_7.jpg\"><BR><SPAN lang=\"\"><EM>Padre Fabrizio Milazzo under velsignelsen.<BR><\/EM><\/SPAN><\/SPAN><SPAN lang=\"\"><SPAN lang=\"\"><BR><IMG border=\"0\" alt=\"Commemorazione Caduti\" src=\"\/resource\/2014\/11\/04NOV2014_8.jpg\"><BR><SPAN lang=\"\"><EM>Italiens Ambassad\u00f8r, Stefano Queirolo Palmas, og Oberst Massimo Biagini, italiensk h\u00e6rattach\u00e9, p\u00e5 &#8220;Den italienske Kirkeg\u00e5rd&#8221; p\u00e5 Vestre Kirkegaard i K\u00f8benhavn.<BR><BR><IMG border=\"0\" alt=\"Commemorazione Caduti\" src=\"\/resource\/2014\/11\/04NOV2014_9.jpg\"><BR><SPAN lang=\"\">Skiltet, som Ambassaden har f\u00e5et sat op til minde om de italienske soldater, som hviler i dansk jord.<BR><BR><\/SPAN><\/EM><BR><\/P><br \/>\n<P><\/SPAN><BR>\u00a0<\/P><\/SPAN><\/SPAN><\/p>\n","protected":false},"excerpt":{"rendered":"Tirsdag d. 4. november blev der ved de Italienske Krigsgrave p\u00e5 den katolske afdeling af Vestre Kirkegaard afholdt en mindeh\u00f8jtidelighed for de italienske soldater, som blev stedt til hvile i Danmark. Italiens Ambassad\u00f8r, Stefano Queirolo Palmas, lagde sammen med den italienske H\u00e6rattach\u00e9, Oberst Massimo Biagini, en krans og holdt en kort tale for de fremm\u00f8dte. [&hellip;]","protected":false},"author":1,"featured_media":0,"comment_status":"","ping_status":"","sticky":false,"template":"","format":"standard","meta":{"footnotes":""},"tags":[],"class_list":["post-1497","post","type-post","status-publish","format-standard","hentry"],"_links":{"self":[{"href":"https:\/\/ambcopenaghen.esteri.it\/da\/wp-json\/wp\/v2\/posts\/1497","targetHints":{"allow":["GET"]}}],"collection":[{"href":"https:\/\/ambcopenaghen.esteri.it\/da\/wp-json\/wp\/v2\/posts"}],"about":[{"href":"https:\/\/ambcopenaghen.esteri.it\/da\/wp-json\/wp\/v2\/types\/post"}],"author":[{"embeddable":true,"href":"https:\/\/ambcopenaghen.esteri.it\/da\/wp-json\/wp\/v2\/users\/1"}],"replies":[{"embeddable":true,"href":"https:\/\/ambcopenaghen.esteri.it\/da\/wp-json\/wp\/v2\/comments?post=1497"}],"version-history":[{"count":0,"href":"https:\/\/ambcopenaghen.esteri.it\/da\/wp-json\/wp\/v2\/posts\/1497\/revisions"}],"wp:attachment":[{"href":"https:\/\/ambcopenaghen.esteri.it\/da\/wp-json\/wp\/v2\/media?parent=1497"}],"wp:term":[{"taxonomy":"post_tag","embeddable":true,"href":"https:\/\/ambcopenaghen.esteri.it\/da\/wp-json\/wp\/v2\/tags?post=1497"}],"curies":[{"name":"wp","href":"https:\/\/api.w.org\/{rel}","templated":true}]}}