{"id":1495,"date":"2014-11-06T15:33:50","date_gmt":"2014-11-06T13:33:50","guid":{"rendered":"https:\/\/ambcopenaghen.esteri.it\/news\/dall_ambasciata\/2014\/11\/concerto-presidenza-ue-italiana-2\/"},"modified":"2014-11-06T15:33:50","modified_gmt":"2014-11-06T13:33:50","slug":"concerto-presidenza-ue-italiana-2","status":"publish","type":"post","link":"https:\/\/ambcopenaghen.esteri.it\/da\/news\/dall_ambasciata\/2014\/11\/concerto-presidenza-ue-italiana-2\/","title":{"rendered":"KONCERT MED &#8220;I SOLISTI DELL\u2019OPERA ITALIANA&#8221; P\u00c5 GLYPTOTEKET I ANLEDNING AF ITALIENS EU-FORMANDSSKAB"},"content":{"rendered":"<p style=\"text-align: justify;\">Det imponerende Ny Carlsberg Glyptotek i K\u00f8benhavn dannede rammen om en koncert med <strong>I Solisti dell&#8217;Opera italiana<\/strong>. Den musikalske aften var arrangeret af Ambassaden og Det Italienske Kulturinstitut i anledning af Italiens formandsskab for EU.<\/p>\n<p>I Solisti dell&#8217;Opera Italiana er et ensemble, som blev dannet i starten af 2014. Drevet af deres lidenskab for musikken \u2013 lige fra kammermusikken til det klassiske 1800tals repertoire \u2013 er de blevet rejsende ambassad\u00f8rer for italiensk kultur og, takket v\u00e6re deres originalitet og professionalisme, har ensemblet allerede h\u00f8stet stor anerkendelse s\u00e5vel i Italien som i udlandet. Ensemblet best\u00e5r af: <\/p>\n<p>Filippo Mazzoli &#8211; fl\u00f8jte <br \/>Stefano Franceschini &#8211; klarinet<br \/>Gabriele Bellu &#8211; violin<br \/>Sara Airoldi &#8211; cello<br \/>Andrea Dindo &#8211; piano<\/p>\n<p>Der blev spillet uddrag fra v\u00e6rker af Giuseppe Verdi. <br \/>Arrangementet var ogs\u00e5 forbundet med festligholdelsen af den <strong>Internationale Italienske Sproguge<\/strong> og blev til med st\u00f8tte fra <strong>Copenhagen Metro Team<\/strong> (CMT), det italienske selskab der i disse \u00e5r st\u00e5r for udbygningen af K\u00f8benhavns Metro.<\/p>\n<p><img loading=\"lazy\" decoding=\"async\" src=\"resource\/img\/2015\/10\/photo_hasse_ferrold__italy_eu_presidency_concert_31_10_2014_glyptoteque_copenhagen_4.jpg\" alt=\"photo hasse ferrold italy eu presidency concert 31 10 2014 glyptoteque copenhagen 4\" width=\"421\" height=\"280\" \/><br \/><em>Ambassad\u00f8r Stefano Queirolo Palmas holder tale til de mange tilskuere. Foto: Hasse Ferrold.\u00a0<\/em><\/p>\n<p><img loading=\"lazy\" decoding=\"async\" src=\"resource\/img\/2015\/10\/photo_hasse_ferrold__italy_eu_presidency_concert_31_10_2014_glyptoteque_copenhagen_3.jpg\" alt=\"photo hasse ferrold italy eu presidency concert 31 10 2014 glyptoteque copenhagen 3\" width=\"421\" height=\"280\" \/><br \/><em>Foto: Hasse Ferrold.<\/p>\n<p><img loading=\"lazy\" decoding=\"async\" src=\"resource\/img\/2015\/10\/photo_hasse_ferrold__italy_eu_presidency_concert_31_10_2014_glyptoteque_copenhagen_1.jpg\" alt=\"photo hasse ferrold italy eu presidency concert 31 10 2014 glyptoteque copenhagen 1\" width=\"421\" height=\"249\" \/><br \/>I Solisti dell&#8217;Opera Italiana kommer ind p\u00e5 scenen. Foto: Hasse Ferrold.<\/em><\/p>\n<p><img loading=\"lazy\" decoding=\"async\" src=\"resource\/img\/2015\/10\/20141031_201314.jpg\" alt=\"20141031 201314\" width=\"421\" height=\"253\" \/><br \/><span lang=\"\"><em>I Solisti dell&#8217;Opera Italiana<\/em><\/p>\n<p><img loading=\"lazy\" decoding=\"async\" src=\"resource\/img\/2015\/10\/20141031_204634.jpg\" alt=\"20141031 204634\" width=\"421\" height=\"253\" \/><br \/><span lang=\"\"><em>Den storsl\u00e5ede sal i Glyptoteket, hvor koncert fandt sted<\/em><\/p>\n<p><img loading=\"lazy\" decoding=\"async\" src=\"resource\/img\/2015\/10\/20141031_204850.jpg\" alt=\"20141031 204850\" width=\"421\" height=\"253\" \/><br \/><span lang=\"\"><em>Ny Carlsberg Glyptotek er et museum for kunst og ark\u00e6ologi i hjertet af K\u00f8benhavn<\/p>\n<p><\/em><\/p>\n<p><\/span><br \/><\/span><\/span><\/p>\n","protected":false},"excerpt":{"rendered":"Det imponerende Ny Carlsberg Glyptotek i K\u00f8benhavn dannede rammen om en koncert med I Solisti dell&#8217;Opera italiana. Den musikalske aften var arrangeret af Ambassaden og Det Italienske Kulturinstitut i anledning af Italiens formandsskab for EU. I Solisti dell&#8217;Opera Italiana er et ensemble, som blev dannet i starten af 2014. Drevet af deres lidenskab for musikken [&hellip;]","protected":false},"author":1,"featured_media":0,"comment_status":"","ping_status":"","sticky":false,"template":"","format":"standard","meta":{"footnotes":""},"tags":[],"class_list":["post-1495","post","type-post","status-publish","format-standard","hentry"],"_links":{"self":[{"href":"https:\/\/ambcopenaghen.esteri.it\/da\/wp-json\/wp\/v2\/posts\/1495","targetHints":{"allow":["GET"]}}],"collection":[{"href":"https:\/\/ambcopenaghen.esteri.it\/da\/wp-json\/wp\/v2\/posts"}],"about":[{"href":"https:\/\/ambcopenaghen.esteri.it\/da\/wp-json\/wp\/v2\/types\/post"}],"author":[{"embeddable":true,"href":"https:\/\/ambcopenaghen.esteri.it\/da\/wp-json\/wp\/v2\/users\/1"}],"replies":[{"embeddable":true,"href":"https:\/\/ambcopenaghen.esteri.it\/da\/wp-json\/wp\/v2\/comments?post=1495"}],"version-history":[{"count":0,"href":"https:\/\/ambcopenaghen.esteri.it\/da\/wp-json\/wp\/v2\/posts\/1495\/revisions"}],"wp:attachment":[{"href":"https:\/\/ambcopenaghen.esteri.it\/da\/wp-json\/wp\/v2\/media?parent=1495"}],"wp:term":[{"taxonomy":"post_tag","embeddable":true,"href":"https:\/\/ambcopenaghen.esteri.it\/da\/wp-json\/wp\/v2\/tags?post=1495"}],"curies":[{"name":"wp","href":"https:\/\/api.w.org\/{rel}","templated":true}]}}