{"id":1493,"date":"2014-11-17T15:48:58","date_gmt":"2014-11-17T13:48:58","guid":{"rendered":"https:\/\/ambcopenaghen.esteri.it\/news\/dall_ambasciata\/2014\/11\/colazione-comunitaria-sindaco-copenaghen-2\/"},"modified":"2014-11-17T15:48:58","modified_gmt":"2014-11-17T13:48:58","slug":"colazione-comunitaria-sindaco-copenaghen-2","status":"publish","type":"post","link":"https:\/\/ambcopenaghen.esteri.it\/da\/news\/dall_ambasciata\/2014\/11\/colazione-comunitaria-sindaco-copenaghen-2\/","title":{"rendered":"ITALIENS EU-FORMANDSSKAB: EU-FROKOST MED K\u00d8BENHAVNS OVERBORGMESTER FRANK JENSEN"},"content":{"rendered":"<p style=\"text-align: justify;\">I forbindelse med det italienske EU-formandsskab, dannede den smukke Ambassad\u00f8rbolig tirsdag d. 11. november rammen om en EU-frokost med deltagelse af ambassad\u00f8rerne fra alle EU\u2019s medlems- og ans\u00f8gerlande. \u00c6resg\u00e6st ved arrangementet var K\u00f8benhavns Overborgmester <strong>Frank Jensen<\/strong>, en karismatisk repr\u00e6sentant for Socialdemokratiet, tidligere Forskningsminister og senere Justitsminister i Nyrup Rasmussen regeringerne, som p.t. er i sin anden valgperiode som Overborgmester i Hovedstaden. <\/p>\n<p>I sit indl\u00e6g understregede Overborgmesteren K\u00f8benhavns rolle som v\u00e6kstmotor for hele Danmark og som omdrejningspunkt for en bevidst image og benchmark-politik overfor udlandet, der underst\u00f8ttes af de internationale mediers fokus p\u00e5 levevilk\u00e5r og livskvalitet. Frank Jensen mindede ogs\u00e5 om betydningen af de nylige investeringer i reduktion af CO2 og udviklingen af milj\u00f8rigtige transportformer. Frank Jensen lagde heller ikke skjul p\u00e5 sin interesse i en yderligere internationalisering af Hovedstaden indenfor en makroregion som ogs\u00e5 inkluderer Sydsverige. <\/p>\n<p>EU-frokosten var arrangeret i samarbejde med den kendte italienske restaurant &#8220;<a href=\"http:\/\/www.san-giorgio.dk\/\" target=\"_blank\" title=\"San Giorgio\" rel=\"noopener\">San Giorgio<\/a>&#8221; i K\u00f8benhavn, hvis kulinariske form\u00e5en i h\u00f8j grad blev p\u00e5sk\u00f8nnet af g\u00e6sterne. <\/p>\n<p><span lang=\"\"><img decoding=\"async\" src=\"resource\/img\/2015\/10\/col1.jpg\" alt=\"col1\" \/><br \/><em>K\u00f8benhavns Overborgmester, Frank Jensen<\/em>.<\/p>\n<p><img decoding=\"async\" src=\"resource\/img\/2015\/10\/col2.jpg\" alt=\"col2\" \/><br \/><span lang=\"\"><em>Italiens Ambassad\u00f8r Stefano Queirolo Palmas under EU-frokosten i Ambassad\u00f8rboligens balsal. <\/em><\/p>\n<p><img decoding=\"async\" src=\"resource\/img\/2015\/10\/col3.jpg\" alt=\"col3\" \/><br \/><\/span><span lang=\"\"><em>EU-ambassad\u00f8rerne lyttede med stor interesse til Overborgmesterens indl\u00e6g.<\/em> <\/p>\n<p><img decoding=\"async\" src=\"resource\/img\/2015\/10\/col4.jpg\" alt=\"col4\" \/><br \/><span lang=\"\"><em>Ambassad\u00f8rboligens smukke balsal<\/em>. <\/p>\n<p><\/span><\/span><\/span><\/p>\n","protected":false},"excerpt":{"rendered":"I forbindelse med det italienske EU-formandsskab, dannede den smukke Ambassad\u00f8rbolig tirsdag d. 11. november rammen om en EU-frokost med deltagelse af ambassad\u00f8rerne fra alle EU\u2019s medlems- og ans\u00f8gerlande. \u00c6resg\u00e6st ved arrangementet var K\u00f8benhavns Overborgmester Frank Jensen, en karismatisk repr\u00e6sentant for Socialdemokratiet, tidligere Forskningsminister og senere Justitsminister i Nyrup Rasmussen regeringerne, som p.t. er i sin [&hellip;]","protected":false},"author":1,"featured_media":0,"comment_status":"","ping_status":"","sticky":false,"template":"","format":"standard","meta":{"footnotes":""},"tags":[],"class_list":["post-1493","post","type-post","status-publish","format-standard","hentry"],"_links":{"self":[{"href":"https:\/\/ambcopenaghen.esteri.it\/da\/wp-json\/wp\/v2\/posts\/1493","targetHints":{"allow":["GET"]}}],"collection":[{"href":"https:\/\/ambcopenaghen.esteri.it\/da\/wp-json\/wp\/v2\/posts"}],"about":[{"href":"https:\/\/ambcopenaghen.esteri.it\/da\/wp-json\/wp\/v2\/types\/post"}],"author":[{"embeddable":true,"href":"https:\/\/ambcopenaghen.esteri.it\/da\/wp-json\/wp\/v2\/users\/1"}],"replies":[{"embeddable":true,"href":"https:\/\/ambcopenaghen.esteri.it\/da\/wp-json\/wp\/v2\/comments?post=1493"}],"version-history":[{"count":0,"href":"https:\/\/ambcopenaghen.esteri.it\/da\/wp-json\/wp\/v2\/posts\/1493\/revisions"}],"wp:attachment":[{"href":"https:\/\/ambcopenaghen.esteri.it\/da\/wp-json\/wp\/v2\/media?parent=1493"}],"wp:term":[{"taxonomy":"post_tag","embeddable":true,"href":"https:\/\/ambcopenaghen.esteri.it\/da\/wp-json\/wp\/v2\/tags?post=1493"}],"curies":[{"name":"wp","href":"https:\/\/api.w.org\/{rel}","templated":true}]}}