{"id":1491,"date":"2014-12-01T15:44:08","date_gmt":"2014-12-01T13:44:08","guid":{"rendered":"https:\/\/ambcopenaghen.esteri.it\/news\/dall_ambasciata\/2014\/12\/presidenzaue-italiana-colazione-comunitaria-ministro-difesa-2\/"},"modified":"2014-12-01T15:44:08","modified_gmt":"2014-12-01T13:44:08","slug":"presidenzaue-italiana-colazione-comunitaria-ministro-difesa-2","status":"publish","type":"post","link":"https:\/\/ambcopenaghen.esteri.it\/da\/news\/dall_ambasciata\/2014\/12\/presidenzaue-italiana-colazione-comunitaria-ministro-difesa-2\/","title":{"rendered":"DET ITALIENSKE EU-FORMANDSSKAB: EU-FROKOST MED FORSVARSMINISTER NICOLAI WAMMEN"},"content":{"rendered":"<p style=\"text-align: justify;\">I forbindelse med det italienske EU-formandsskab, dannede den smukke Ambassad\u00f8rbolig torsdag d. 27. november rammen om en EU-frokost med deltagelse af ambassad\u00f8rerne fra alle EU\u2019s medlems- og ans\u00f8gerlande. \u00c6resg\u00e6st ved arrangementet var Forsvarsminister <strong>Nicolai Wammen<\/strong>, et fremtr\u00e6dende medlem af Socialdemokratiet, tidligere Europaminister under Danmarks EU-formandsskab i 2012 og tidligere borgmester i \u00c5rhus. <\/p>\n<p>I sit indl\u00e6g understregede ministeren Danmarks holdning i en r\u00e6kke aktuelle sp\u00f8rgsm\u00e5l p\u00e5 det sikkerheds- og forsvarsm\u00e6ssige omr\u00e5de (Ukraine, forholdet mellem EU og NATO, situationen i Irak og Syrien, Ebola), og kom ogs\u00e5 ind p\u00e5 nogle emner af vigtighed for Danmark, s\u00e5som Rusland og Arktis. <br \/>Ministeren ber\u00f8rte endvidere problematikken vedr\u00f8rende det danske forsvarsforbehold, uden dog at ville komme ind p\u00e5 tidsplanen for en eventuel folkeafstemning om emnet. <\/p>\n<p>EU-frokosten blev arrangeret i samarbejde med den kendte italienske restaurant &#8220;<a href=\"http:\/\/www.era-ora.dk\" target=\"_blank\" title=\"Era Ora\" rel=\"noopener\">Era Ora<\/a>&#8221; i K\u00f8benhavn, hvis uds\u00f8gte retter blev v\u00e6rdsat af g\u00e6sterne. <\/p>\n<p><span lang=\"\"><img decoding=\"async\" src=\"resource\/img\/2015\/10\/2col001.jpg\" alt=\"2col001\" \/><br \/><em>Forsvarsminister, Nicolai Wammen, med Italiens Ambassd\u00f8r, Stefano Queirolo Palmas.<br \/><\/em><br \/><img decoding=\"async\" src=\"resource\/img\/2015\/10\/2colimage003.jpg\" alt=\"2colimage003\" \/><br \/><span lang=\"\"><em>Ambassad\u00f8r Stefano Queirolo Palmas overr\u00e6kker en bog om Ambassad\u00f8rboligen til Forsvarsminister Wammen.<\/em> <\/p>\n<p><img decoding=\"async\" src=\"resource\/img\/2015\/10\/2colimage002.jpg\" alt=\"2colimage002\" \/><br \/><em>Ambassad\u00f8r Stefano Queirolo Palmas introducerer Forsvarsministeren.<\/em><\/p>\n<p><img decoding=\"async\" src=\"resource\/img\/2015\/10\/2colimage004.jpg\" alt=\"2colimage004\" \/><br \/><span lang=\"\"><span lang=\"\"><em>EU-frokosten blev afholdt i Ambassad\u00f8rboligens store balsal. <\/em><\/p>\n<p><\/span><\/span><\/span><\/span><\/p>\n","protected":false},"excerpt":{"rendered":"I forbindelse med det italienske EU-formandsskab, dannede den smukke Ambassad\u00f8rbolig torsdag d. 27. november rammen om en EU-frokost med deltagelse af ambassad\u00f8rerne fra alle EU\u2019s medlems- og ans\u00f8gerlande. \u00c6resg\u00e6st ved arrangementet var Forsvarsminister Nicolai Wammen, et fremtr\u00e6dende medlem af Socialdemokratiet, tidligere Europaminister under Danmarks EU-formandsskab i 2012 og tidligere borgmester i \u00c5rhus. I sit indl\u00e6g [&hellip;]","protected":false},"author":1,"featured_media":0,"comment_status":"","ping_status":"","sticky":false,"template":"","format":"standard","meta":{"footnotes":""},"tags":[],"class_list":["post-1491","post","type-post","status-publish","format-standard","hentry"],"_links":{"self":[{"href":"https:\/\/ambcopenaghen.esteri.it\/da\/wp-json\/wp\/v2\/posts\/1491","targetHints":{"allow":["GET"]}}],"collection":[{"href":"https:\/\/ambcopenaghen.esteri.it\/da\/wp-json\/wp\/v2\/posts"}],"about":[{"href":"https:\/\/ambcopenaghen.esteri.it\/da\/wp-json\/wp\/v2\/types\/post"}],"author":[{"embeddable":true,"href":"https:\/\/ambcopenaghen.esteri.it\/da\/wp-json\/wp\/v2\/users\/1"}],"replies":[{"embeddable":true,"href":"https:\/\/ambcopenaghen.esteri.it\/da\/wp-json\/wp\/v2\/comments?post=1491"}],"version-history":[{"count":0,"href":"https:\/\/ambcopenaghen.esteri.it\/da\/wp-json\/wp\/v2\/posts\/1491\/revisions"}],"wp:attachment":[{"href":"https:\/\/ambcopenaghen.esteri.it\/da\/wp-json\/wp\/v2\/media?parent=1491"}],"wp:term":[{"taxonomy":"post_tag","embeddable":true,"href":"https:\/\/ambcopenaghen.esteri.it\/da\/wp-json\/wp\/v2\/tags?post=1491"}],"curies":[{"name":"wp","href":"https:\/\/api.w.org\/{rel}","templated":true}]}}