{"id":1487,"date":"2014-12-05T15:21:29","date_gmt":"2014-12-05T13:21:29","guid":{"rendered":"https:\/\/ambcopenaghen.esteri.it\/news\/dall_ambasciata\/2014\/12\/corsi-cucina-italiana-residenza-2\/"},"modified":"2014-12-05T15:21:29","modified_gmt":"2014-12-05T13:21:29","slug":"corsi-cucina-italiana-residenza-2","status":"publish","type":"post","link":"https:\/\/ambcopenaghen.esteri.it\/da\/news\/dall_ambasciata\/2014\/12\/corsi-cucina-italiana-residenza-2\/","title":{"rendered":"ITALIENSKE MADLAVNINGSKURSER MED DIPLOMATFROKOST I AMBASSAD\u00d8RBOLIGEN"},"content":{"rendered":"<p><SPAN lang=\"\"><P>Tirsdag d. 25. november dannede stork\u00f8kkenet i Ambassad\u00f8rboligen rammen om det f\u00f8rste i r\u00e6kken af madlavningskurser arrangeret af kokken <B>Massimo Ricci<\/B> i samarbejde med Ambassaden. <BR>P\u00e5 opfordring af deltagerne var menuen p\u00e5 det f\u00f8rste kursus udelukkende vegetarisk. Efter tilberedningen blev retterne serveret for deltagerne ved en frokost i &#8220;Diplomatic Style&#8221; i Ambassad\u00f8rboligens flotte spisesal. <BR><BR>Initiativet \u2013 der sigter mod at \u00e5bne den historisk og arkitektonisk unikke Ambassad\u00f8rbolig op for et udvalgt publikum \u2013 blev vel modtaget af deltagerne (s\u00e5vel de danske som de udenlandske), som var fast besluttede p\u00e5 ogs\u00e5 at f\u00f8lge de n\u00e6ste kurser (n\u00e6ste kursus afholdes d. 10. December med julemad som tema) og af de fremm\u00f8dte journalister. <BR><BR>Arrangementet blev omtalt i <U><FONT color=\"#0000ff\"><a title=\"Copenhagen Post\" href=\"http:\/\/cphpost.dk\/news\/learn-to-cook-like-the-maestro.11916.html\" target=\"_blank\" rel=\"noopener\">Copenhagen Post<\/A><\/U><\/FONT>, K\u00f8benhavns engelsksprogede avis.<BR><BR><SPAN lang=\"\"><IMG border=\"0\" alt=\"Corsi di cucina in Residenza\" src=\"\/resource\/2014\/12\/Corsi_cucina_5_Ferrold1.jpg\"><BR><EM>Kursisterne ved gryderne. Foto: Hasse Ferrold.<\/EM><BR><BR><IMG border=\"0\" alt=\"Corsi di cucina in Residenza\" src=\"\/resource\/2014\/12\/Corsi_cucina_4_Ferrold1.jpg\"><BR><SPAN lang=\"\"><EM>Kursisterne fint til bords efter tilberedningen af retterne. Foto: Hasse Ferrold.<\/EM><BR><BR><IMG border=\"0\" alt=\"Corsi di cucina in Residenza\" src=\"\/resource\/2014\/12\/Corsi_cucina_3_Ferrold1.jpg\"><BR><SPAN lang=\"\"><EM>Retterne blev serveret i &#8220;diplomatic style&#8221;. Foto: Hasse Ferrold.<\/EM><BR><BR><IMG border=\"0\" alt=\"Corsi di cucina in Residenza\" src=\"\/resource\/2014\/12\/Corsi_cucina_2_Ferrold1.jpg\"><BR><SPAN lang=\"\"><EM>To af kursisterne i den smukke spisesal p\u00e5 Ambassad\u00f8rboligens anden sal. Foto: Hasse Ferrold.<\/EM><BR><BR><IMG border=\"0\" alt=\"Corsi di cucina in Residenza\" src=\"\/resource\/2014\/12\/Corsi_cucina_1_Ferrold1.jpg\"><BR><SPAN lang=\"\"><EM>Spisesalens nuv\u00e6rende indretning er fra ca. \u00e5r 1910. Foto: Hasse Ferrold.<\/EM><BR><BR><\/P><\/SPAN><\/SPAN><\/SPAN><\/SPAN><\/SPAN><\/SPAN><\/p>\n","protected":false},"excerpt":{"rendered":"Tirsdag d. 25. november dannede stork\u00f8kkenet i Ambassad\u00f8rboligen rammen om det f\u00f8rste i r\u00e6kken af madlavningskurser arrangeret af kokken Massimo Ricci i samarbejde med Ambassaden. P\u00e5 opfordring af deltagerne var menuen p\u00e5 det f\u00f8rste kursus udelukkende vegetarisk. Efter tilberedningen blev retterne serveret for deltagerne ved en frokost i &#8220;Diplomatic Style&#8221; i Ambassad\u00f8rboligens flotte spisesal. Initiativet [&hellip;]","protected":false},"author":1,"featured_media":0,"comment_status":"","ping_status":"","sticky":false,"template":"","format":"standard","meta":{"footnotes":""},"tags":[],"class_list":["post-1487","post","type-post","status-publish","format-standard","hentry"],"_links":{"self":[{"href":"https:\/\/ambcopenaghen.esteri.it\/da\/wp-json\/wp\/v2\/posts\/1487","targetHints":{"allow":["GET"]}}],"collection":[{"href":"https:\/\/ambcopenaghen.esteri.it\/da\/wp-json\/wp\/v2\/posts"}],"about":[{"href":"https:\/\/ambcopenaghen.esteri.it\/da\/wp-json\/wp\/v2\/types\/post"}],"author":[{"embeddable":true,"href":"https:\/\/ambcopenaghen.esteri.it\/da\/wp-json\/wp\/v2\/users\/1"}],"replies":[{"embeddable":true,"href":"https:\/\/ambcopenaghen.esteri.it\/da\/wp-json\/wp\/v2\/comments?post=1487"}],"version-history":[{"count":0,"href":"https:\/\/ambcopenaghen.esteri.it\/da\/wp-json\/wp\/v2\/posts\/1487\/revisions"}],"wp:attachment":[{"href":"https:\/\/ambcopenaghen.esteri.it\/da\/wp-json\/wp\/v2\/media?parent=1487"}],"wp:term":[{"taxonomy":"post_tag","embeddable":true,"href":"https:\/\/ambcopenaghen.esteri.it\/da\/wp-json\/wp\/v2\/tags?post=1487"}],"curies":[{"name":"wp","href":"https:\/\/api.w.org\/{rel}","templated":true}]}}