{"id":1485,"date":"2014-12-17T12:41:25","date_gmt":"2014-12-17T10:41:25","guid":{"rendered":"https:\/\/ambcopenaghen.esteri.it\/news\/dall_ambasciata\/2014\/12\/visita-mario-monti-copenaghen-2\/"},"modified":"2014-12-17T12:41:25","modified_gmt":"2014-12-17T10:41:25","slug":"visita-mario-monti-copenaghen-2","status":"publish","type":"post","link":"https:\/\/ambcopenaghen.esteri.it\/da\/news\/dall_ambasciata\/2014\/12\/visita-mario-monti-copenaghen-2\/","title":{"rendered":"DET ITALIENSKE EU-FORMANDSSKAB: SENATOR MARIO MONTI P\u00c5 BES\u00d8G I K\u00d8BENHAVN"},"content":{"rendered":"<p style=\"text-align: justify;\">D. 4.-5. december bes\u00f8gt Senator <strong>Mario Monti<\/strong> K\u00f8benhavn for at deltage i den internazionale konference &#8220;Financing the Future &#8211; Analytical and policy challenges in Europe, China and in an interdependent world&#8221;, som var arrangeret af K\u00f8benhavns Universitet til \u00e6re for <strong>Niels Thygesen<\/strong>, professor emeritus i \u00f8konomi og eneste akademiske medlem af Delors Komiteen i 1988-89, ogs\u00e5 kaldet &#8220;Euroens Far&#8221; for sin r\u00e5dgivende funktion i forbindelse med skabelsen af den f\u00e6lles m\u00f8nt. <\/p>\n<p>Senator Monti deltog i sessionen &#8220;Why did we get the Euro?&#8221;, hvor han opsummerede og diskuterede motiverne bag den \u00d8konomiske og Monet\u00e6re Unions oprindelige konstruktion. <br \/>I konferencen deltog ogs\u00e5 andre personligheder fra den italienske \u00f8konomiske verden: <strong>Lorenzo Bini-Smaghi<\/strong>, tidl. medlem ECB\u2019s Executive Board, holdt et indl\u00e6g i sessionen &#8220;The Repair of EMU since 2010 \u2013 The Balance between Crisis Management and long-term Reforms&#8221;, mens <strong>Claudio Borio<\/strong>, Head of Economic and Monetary Department of the Bank of International Settlements, Basilea, deltog i en session under titlen &#8220;New Approaches to the Analysis of Financial Behaviour under Uncertainty&#8221;.<\/p>\n<p>D. 4. december om eftermiddagen talte Senator Monti endvidere ved et m\u00f8de arrangeret af Europabev\u00e6gelsen hos Finansr\u00e5det med deltagelse af mange hovedpersoner fra den \u00f8konomiske og finansielle sektor i Danmark. Blandt de ber\u00f8rte emner var: Udfordringerne knyttet til lavv\u00e6ksten i Europa; et Europa i to hastigheder og de mulige konsekvenser i tilf\u00e6lde af Storbritanniens udmeldelse af EU. <\/p>\n<p><img loading=\"lazy\" decoding=\"async\" src=\"resource\/img\/2015\/10\/monti_101214.jpg\" alt=\"monti 101214\" width=\"421\" height=\"280\" \/><br \/><em>Senator Mario Monti under indl\u00e6gget ved Europabev\u00e6gelsens arrangement. Foto: Europabev\u00e6gelsen.<br \/><\/em><br \/><span lang=\"\"><img loading=\"lazy\" decoding=\"async\" src=\"resource\/img\/2015\/10\/amb_sen.jpg\" alt=\"amb sen\" width=\"421\" height=\"280\" \/><br \/><em>Fra venstre mod h\u00f8jre: Senator Mario Monti, Ambassad\u00f8r Stefano Queirolo Palmas og Poul Breyen, medlem af Europabev\u00e6gelsen. Foto: Europabev\u00e6gelsen.<\/p>\n<p><\/em><\/span><\/p>\n","protected":false},"excerpt":{"rendered":"D. 4.-5. december bes\u00f8gt Senator Mario Monti K\u00f8benhavn for at deltage i den internazionale konference &#8220;Financing the Future &#8211; Analytical and policy challenges in Europe, China and in an interdependent world&#8221;, som var arrangeret af K\u00f8benhavns Universitet til \u00e6re for Niels Thygesen, professor emeritus i \u00f8konomi og eneste akademiske medlem af Delors Komiteen i 1988-89, [&hellip;]","protected":false},"author":1,"featured_media":0,"comment_status":"","ping_status":"","sticky":false,"template":"","format":"standard","meta":{"footnotes":""},"tags":[],"class_list":["post-1485","post","type-post","status-publish","format-standard","hentry"],"_links":{"self":[{"href":"https:\/\/ambcopenaghen.esteri.it\/da\/wp-json\/wp\/v2\/posts\/1485","targetHints":{"allow":["GET"]}}],"collection":[{"href":"https:\/\/ambcopenaghen.esteri.it\/da\/wp-json\/wp\/v2\/posts"}],"about":[{"href":"https:\/\/ambcopenaghen.esteri.it\/da\/wp-json\/wp\/v2\/types\/post"}],"author":[{"embeddable":true,"href":"https:\/\/ambcopenaghen.esteri.it\/da\/wp-json\/wp\/v2\/users\/1"}],"replies":[{"embeddable":true,"href":"https:\/\/ambcopenaghen.esteri.it\/da\/wp-json\/wp\/v2\/comments?post=1485"}],"version-history":[{"count":0,"href":"https:\/\/ambcopenaghen.esteri.it\/da\/wp-json\/wp\/v2\/posts\/1485\/revisions"}],"wp:attachment":[{"href":"https:\/\/ambcopenaghen.esteri.it\/da\/wp-json\/wp\/v2\/media?parent=1485"}],"wp:term":[{"taxonomy":"post_tag","embeddable":true,"href":"https:\/\/ambcopenaghen.esteri.it\/da\/wp-json\/wp\/v2\/tags?post=1485"}],"curies":[{"name":"wp","href":"https:\/\/api.w.org\/{rel}","templated":true}]}}