{"id":1483,"date":"2014-12-17T14:28:11","date_gmt":"2014-12-17T12:28:11","guid":{"rendered":"https:\/\/ambcopenaghen.esteri.it\/news\/dall_ambasciata\/2014\/12\/cerimonia-ciid-2\/"},"modified":"2014-12-17T14:28:11","modified_gmt":"2014-12-17T12:28:11","slug":"cerimonia-ciid-2","status":"publish","type":"post","link":"https:\/\/ambcopenaghen.esteri.it\/da\/news\/dall_ambasciata\/2014\/12\/cerimonia-ciid-2\/","title":{"rendered":"OVERR\u00c6KKELSE AF DIPLOMER TIL DE UNGE STUDERENDE FRA COPENHAGEN INSTITUTE OF INTERACTION DESIGN"},"content":{"rendered":"<p><P>Torsdag d. 11. december dannede Ambassad\u00f8rboligen rammen om den cerimonielle overr\u00e6kkelse af diplomer til de unge, som har afsluttet deres studier ved <a title=\"CIID\" href=\"http:\/\/ciid.dk\/\" target=\"_blank\" rel=\"noopener\">Copenhagen Institute of Interaction Design<\/A> (CIID). Der var tale om 24 unge talenter fra 12 forskellige lande, som har afsluttet et \u00e5rs studier ved det anerkendte center i K\u00f8benhavn for at blive \u201dinteraktive designere\u201d.<BR><BR>Overr\u00e6kkelsescerimonien \u2013 som udover de studerende og deres familier ogs\u00e5 havde deltagelse af den bed\u00f8mmende jury, best\u00e5ende af internationle profiler indenfor designverdenen \u2013 blev indledt af Italiens Ambassad\u00f8r\u00a0 Stefano Queirolo Palmas. I sin tale fremh\u00e6vede Ambassad\u00f8ren cerimonien som en del af Ambassadens s\u00e6rlige fokus p\u00e5 uddannelse og forskning, der allerede er kommet til udtryk i form af en r\u00e6kke arrangementer (herunder Forskernes Dag II, der fandt sted i marts 2014).<BR><BR>Samarbejdet med CIID, der blev indledt for nogle m\u00e5neder siden, giver Ambassaden mulighed for at tr\u00e6kke p\u00e5 Instituttets ekspertise i forbindelse med forskellige projekter, der sigter mod en st\u00f8rre og mere hensigtsm\u00e6ssig udnyttelse af Ambassad\u00f8rboligen. <BR><BR><IMG border=\"0\" alt=\"CIID\" src=\"\/resource\/2014\/12\/CIID_5.jpg\"><BR><EM>Ambassad\u00f8ren Queirolo Palmas indleder cerimonien. Foto: CIID.<\/EM> <BR><BR><IMG border=\"0\" alt=\"CIID\" src=\"\/resource\/2014\/12\/CIID_6.jpg\"><BR><SPAN lang=\"\"><EM>De unge modtager deres diplom fra det internationale dommerpanel. Foto: CIID.<\/EM><BR><BR><IMG border=\"0\" alt=\"CIID\" src=\"\/resource\/2014\/12\/CIID_7.jpg\"><BR><SPAN lang=\"\"><EM>De unge venter p\u00e5 at modtage deres diplomer i den store balsal. Foto: CIID. <BR><\/EM><BR><IMG border=\"0\" alt=\"CIID\" src=\"\/resource\/2014\/12\/CIID_8.jpg\"><BR><SPAN lang=\"\"><EM>De 24 unge efter overr\u00e6kkelsescerimonien. Foto: CIID.<\/EM><BR><BR><\/P><\/SPAN><\/SPAN><\/SPAN><\/p>\n","protected":false},"excerpt":{"rendered":"Torsdag d. 11. december dannede Ambassad\u00f8rboligen rammen om den cerimonielle overr\u00e6kkelse af diplomer til de unge, som har afsluttet deres studier ved Copenhagen Institute of Interaction Design (CIID). Der var tale om 24 unge talenter fra 12 forskellige lande, som har afsluttet et \u00e5rs studier ved det anerkendte center i K\u00f8benhavn for at blive \u201dinteraktive [&hellip;]","protected":false},"author":1,"featured_media":0,"comment_status":"","ping_status":"","sticky":false,"template":"","format":"standard","meta":{"footnotes":""},"tags":[],"class_list":["post-1483","post","type-post","status-publish","format-standard","hentry"],"_links":{"self":[{"href":"https:\/\/ambcopenaghen.esteri.it\/da\/wp-json\/wp\/v2\/posts\/1483","targetHints":{"allow":["GET"]}}],"collection":[{"href":"https:\/\/ambcopenaghen.esteri.it\/da\/wp-json\/wp\/v2\/posts"}],"about":[{"href":"https:\/\/ambcopenaghen.esteri.it\/da\/wp-json\/wp\/v2\/types\/post"}],"author":[{"embeddable":true,"href":"https:\/\/ambcopenaghen.esteri.it\/da\/wp-json\/wp\/v2\/users\/1"}],"replies":[{"embeddable":true,"href":"https:\/\/ambcopenaghen.esteri.it\/da\/wp-json\/wp\/v2\/comments?post=1483"}],"version-history":[{"count":0,"href":"https:\/\/ambcopenaghen.esteri.it\/da\/wp-json\/wp\/v2\/posts\/1483\/revisions"}],"wp:attachment":[{"href":"https:\/\/ambcopenaghen.esteri.it\/da\/wp-json\/wp\/v2\/media?parent=1483"}],"wp:term":[{"taxonomy":"post_tag","embeddable":true,"href":"https:\/\/ambcopenaghen.esteri.it\/da\/wp-json\/wp\/v2\/tags?post=1483"}],"curies":[{"name":"wp","href":"https:\/\/api.w.org\/{rel}","templated":true}]}}