{"id":1480,"date":"2015-01-07T10:59:52","date_gmt":"2015-01-07T08:59:52","guid":{"rendered":"https:\/\/ambcopenaghen.esteri.it\/news\/dall_ambasciata\/2015\/01\/cerimonia-benaugurale-inizio-anno-2\/"},"modified":"2015-01-07T10:59:52","modified_gmt":"2015-01-07T08:59:52","slug":"cerimonia-benaugurale-inizio-anno-2","status":"publish","type":"post","link":"https:\/\/ambcopenaghen.esteri.it\/da\/news\/dall_ambasciata\/2015\/01\/cerimonia-benaugurale-inizio-anno-2\/","title":{"rendered":"DRONNING MARGRETHE MODTOG DIPLOMATKORPSET TIL DEN TRADITIONELLE NYT\u00c5RSK"},"content":{"rendered":"<p>Tirsdag d. 6. januar 2015, modtog Dronning Margrethe II de udenlandske diplomater som er akkrediterede i Danmark til den traditionelle nyt\u00e5rskur p\u00e5 Christiansborg. <BR><BR><IMG border=\"0\" alt=\"Nytaarskur 2015\" src=\"\/resource\/2015\/03\/Nytaarskurfradiplomatiet_1_piccolo1.jpg\"><BR><SPAN lang=\"\"><EM>Fra venstre: Dronning Margrethe II, Prinsgemal Henrik, Kronprins Frederik og Kronprinsesse Mary. Foto: Keld Navntoft\/Berlingske Tidende.<\/EM><BR><BR><IMG border=\"0\" alt=\"Nytaarskur 2015\" src=\"\/resource\/2015\/03\/Nytaarskurfradiplomatiet_2_piccolo1.jpg\"><BR><SPAN lang=\"\"><EM>Ambassad\u00f8rerne ankommer til Nyt\u00e5rskuren p\u00e5 Christiansborg Slot. Foto: Niels Ahlmann Olesen\/Berlingske Tidende.<BR><BR><\/EM><\/SPAN><\/SPAN><\/p>\n","protected":false},"excerpt":{"rendered":"Tirsdag d. 6. januar 2015, modtog Dronning Margrethe II de udenlandske diplomater som er akkrediterede i Danmark til den traditionelle nyt\u00e5rskur p\u00e5 Christiansborg. Fra venstre: Dronning Margrethe II, Prinsgemal Henrik, Kronprins Frederik og Kronprinsesse Mary. Foto: Keld Navntoft\/Berlingske Tidende.Ambassad\u00f8rerne ankommer til Nyt\u00e5rskuren p\u00e5 Christiansborg Slot. Foto: Niels Ahlmann Olesen\/Berlingske Tidende.","protected":false},"author":1,"featured_media":0,"comment_status":"","ping_status":"","sticky":false,"template":"","format":"standard","meta":{"footnotes":""},"tags":[],"class_list":["post-1480","post","type-post","status-publish","format-standard","hentry"],"_links":{"self":[{"href":"https:\/\/ambcopenaghen.esteri.it\/da\/wp-json\/wp\/v2\/posts\/1480","targetHints":{"allow":["GET"]}}],"collection":[{"href":"https:\/\/ambcopenaghen.esteri.it\/da\/wp-json\/wp\/v2\/posts"}],"about":[{"href":"https:\/\/ambcopenaghen.esteri.it\/da\/wp-json\/wp\/v2\/types\/post"}],"author":[{"embeddable":true,"href":"https:\/\/ambcopenaghen.esteri.it\/da\/wp-json\/wp\/v2\/users\/1"}],"replies":[{"embeddable":true,"href":"https:\/\/ambcopenaghen.esteri.it\/da\/wp-json\/wp\/v2\/comments?post=1480"}],"version-history":[{"count":0,"href":"https:\/\/ambcopenaghen.esteri.it\/da\/wp-json\/wp\/v2\/posts\/1480\/revisions"}],"wp:attachment":[{"href":"https:\/\/ambcopenaghen.esteri.it\/da\/wp-json\/wp\/v2\/media?parent=1480"}],"wp:term":[{"taxonomy":"post_tag","embeddable":true,"href":"https:\/\/ambcopenaghen.esteri.it\/da\/wp-json\/wp\/v2\/tags?post=1480"}],"curies":[{"name":"wp","href":"https:\/\/api.w.org\/{rel}","templated":true}]}}