{"id":1477,"date":"2015-03-13T14:49:50","date_gmt":"2015-03-13T12:49:50","guid":{"rendered":"https:\/\/ambcopenaghen.esteri.it\/news\/dall_ambasciata\/2015\/03\/giornata-ricercatori-2015-2\/"},"modified":"2015-03-13T14:49:50","modified_gmt":"2015-03-13T12:49:50","slug":"giornata-ricercatori-2015-2","status":"publish","type":"post","link":"https:\/\/ambcopenaghen.esteri.it\/da\/news\/dall_ambasciata\/2015\/03\/giornata-ricercatori-2015-2\/","title":{"rendered":"&#8220;Forskernes Dag&#8221; , K\u00f8benhavn 11. marts 2015. Fokus p\u00e5 italiensk forskning i Ambassad\u00f8rboligen."},"content":{"rendered":"<p style=\"text-align: justify;\">D. 11. marts 2015 afholdt Ambassaden og Det Italienske Kulturinstitut for tredje gang \u201dForskernes Dag\u201d for italienske forskere i Danmark.<\/p>\n<p style=\"text-align: justify;\">Et af de centrale punkter p\u00e5 dagsordenen var en diskussion af forskningens aktuelle betingelser i hhv. Danmark og Italien, med deltagelse af akademikere og videnskabsfolk.<\/p>\n<p style=\"text-align: justify;\">I Danmark bor og arbejder hundredevis af italienske forskere, der er blevet tiltrukket af landet pga. de gode muligheder for at opn\u00e5 finansiering p\u00e5 universiteterne, i erhvervslivet, p\u00e5 forskningscentrene og hos private fonde.<\/p>\n<p style=\"text-align: justify;\">Dagens tema var &#8220;The knowledge society: state of the art of research in Italy and Denmark\u201d.\u00a0Dekan p\u00e5 Humanistisk Fakultet i K\u00f8benhavn Ulf Riber Hedetoft understregede stigningen i private sponsorater, som ogs\u00e5 har fundet sted indenfor humaniora, og fortalte om det ambiti\u00f8se digitaliseringsprojekt p\u00e5 biblioteksomr\u00e5det.<\/p>\n<p style=\"text-align: justify;\">Institutleder p\u00e5 Niels Bohr Instituttet Robert Krarup Feidenhans&#8217;l illustrerede kontinuiteten i forskningen i stoffer tra 1900-tallet til i dag, og fremh\u00e6vede de italienske bidrag til den stolte danske tradition, fra Enrico Fermi til Fabiola Gianotti og til de italienske forskere, der i dag deltager i arbejdet med partikelacceleratoren i European Spallation Source (ESS) i Lund.<\/p>\n<p style=\"text-align: justify;\">Blandt talerne var ogs\u00e5 Formanden for ANVUR (Italiens nationale bureau til vurdering af forskning og universiteter), Stefano Fantoni, der fortalte om planer og udfordringer med m\u00e5ling og styrkelse af forskningsresultater i Italien. Efterf\u00f8lgende fortalte neuro science-forskeren Giacomo Rizzolatti, vinder af Lundbeckfondens Brain Prize 2014 og af Premio Principe di Asturie 2011, historien bag opdagelsen af \u201cspejlneuronerne\u201d, den del af hjernen, hvor empatien sidder.<\/p>\n<p style=\"text-align: justify;\">Blandt deltagerne var ogs\u00e5 repr\u00e6sentanter fra de st\u00f8rste italienske virksomheder i Danmark, samt de italienske akt\u00f8rer, der arbejder med PR og internationalisering, herunder ICE (Institut for Udenrigshandel), Italiens videnskabelige attach\u00e9 i Stockholm, Italiens milit\u00e6rattach\u00e9 i Berlin, Det Dansk-italienske Handelskammer og Det Italienske Kulturinstitut i K\u00f8benhavn.<\/p>\n<p>News p\u00e5 det italienske udenrigsministeriums hjemmeside: www.esteri.it\/mae\/it\/sala_stampa\/archivionotizie\/approfondimenti\/danimarca-la-ricerca-italiana-di.html<\/p>\n<p style=\"text-align: justify;\">\n<p><img decoding=\"async\" src=\"\/resource\/2015\/03\/Speaker_piccolo.jpg\" alt=\"Giornata RIcercatori\" border=\"0\" \/><br \/>Fra venstre: Leder af Niels Bohr Instituttet, Robert Krarup Feidenhans&#8217;l, Dekan for Humanistisk Fakultet p\u00e5 K\u00f8benhavns Universitet, Ulf Riber Hedetoft, Formanden for Anvur (Agenzia nazionale di valutazione del sistema universitario e della ricerca), Stefano Fantoni. Foto: www.dkdiplomat.dk\u00a0<\/p>\n<p><img decoding=\"async\" src=\"\/resource\/2015\/03\/Amb_Rizzolatti_piccolo.jpg\" alt=\"Giornata RIcercatori\" border=\"0\" \/><br \/><em>Ambassad\u00f8r Stefano Queirolo Palmas sammen med Professor Giacomo Rizzolatti. Foto: www.dkdiplomat.dk<\/em><\/p>\n<p style=\"text-align: justify;\">\n<p><img decoding=\"async\" src=\"\/resource\/2015\/03\/Amb_Speakers_piccolo.jpg\" alt=\"Giornata RIcercatori\" border=\"0\" \/><br \/><em>Fra venstre: Ambassad\u00f8r Stefano Queirolo Palmas, Dekan for Humanistisk Fakultet p\u00e5 K\u00f8benhavns Universitet, Ulf Riber Hedetoft, Professor Giacomo Rizzolatti, Leder af Niels Bohr Instituttet, Robert Krarup Feidenhans&#8217;l, CEO for Lundbeck Fonden, Kim Krogsgaard. Foto: www.dkdiplomat.dk<\/em><\/p>\n<p style=\"text-align: justify;\">\n<p><img decoding=\"async\" src=\"\/resource\/2015\/03\/Mazzinghi_Ruggirello_Venturelli_piccolo.jpg\" alt=\"Giornata RIcercatori\" border=\"0\" \/><br \/><em>Fra venstre: Videnskabelig attach\u00e9 ved den Italienske Ambassade i Stockholm Piero Mazzinghi, Direkt\u00f8r for Det italienske Kulturinstitut Fabio Ruggirello, \u00f8konomisk ekspert Patrizia Venturelli. Foto: www.dkdiplomat.dk<\/em><\/p>\n<p>\u00a0<\/p>\n<p><img decoding=\"async\" src=\"\/resource\/2015\/03\/GiacomoRizzolatti.jpg\" alt=\"Giornata RIcercatori\" border=\"0\" \/><br \/>Giacomo Rizzolatti i K\u00f8benhavn. Foto: Hasse Ferrold.<\/p>\n<p><img decoding=\"async\" src=\"\/resource\/2015\/03\/GiornataRicercatori2.jpg\" alt=\"Giornata RIcercatori\" border=\"0\" \/><br \/><em>Et stort antal forskere deltog i arrangementet. Foto: Hasse Ferrold.<\/em><\/p>\n<p><em><\/p>\n<p><img decoding=\"async\" src=\"\/resource\/2015\/03\/GiornataRicercatori.jpg\" alt=\"Giornata Ricercatori\" border=\"0\" \/><br \/><\/em>De interesserede tilh\u00f8rere. Foto: Hasse Ferrold<\/p>\n<p>\u00a0<\/p>\n","protected":false},"excerpt":{"rendered":"D. 11. marts 2015 afholdt Ambassaden og Det Italienske Kulturinstitut for tredje gang \u201dForskernes Dag\u201d for italienske forskere i Danmark. Et af de centrale punkter p\u00e5 dagsordenen var en diskussion af forskningens aktuelle betingelser i hhv. Danmark og Italien, med deltagelse af akademikere og videnskabsfolk. I Danmark bor og arbejder hundredevis af italienske forskere, der [&hellip;]","protected":false},"author":1,"featured_media":0,"comment_status":"","ping_status":"","sticky":false,"template":"","format":"standard","meta":{"footnotes":""},"tags":[],"class_list":["post-1477","post","type-post","status-publish","format-standard","hentry"],"_links":{"self":[{"href":"https:\/\/ambcopenaghen.esteri.it\/da\/wp-json\/wp\/v2\/posts\/1477","targetHints":{"allow":["GET"]}}],"collection":[{"href":"https:\/\/ambcopenaghen.esteri.it\/da\/wp-json\/wp\/v2\/posts"}],"about":[{"href":"https:\/\/ambcopenaghen.esteri.it\/da\/wp-json\/wp\/v2\/types\/post"}],"author":[{"embeddable":true,"href":"https:\/\/ambcopenaghen.esteri.it\/da\/wp-json\/wp\/v2\/users\/1"}],"replies":[{"embeddable":true,"href":"https:\/\/ambcopenaghen.esteri.it\/da\/wp-json\/wp\/v2\/comments?post=1477"}],"version-history":[{"count":0,"href":"https:\/\/ambcopenaghen.esteri.it\/da\/wp-json\/wp\/v2\/posts\/1477\/revisions"}],"wp:attachment":[{"href":"https:\/\/ambcopenaghen.esteri.it\/da\/wp-json\/wp\/v2\/media?parent=1477"}],"wp:term":[{"taxonomy":"post_tag","embeddable":true,"href":"https:\/\/ambcopenaghen.esteri.it\/da\/wp-json\/wp\/v2\/tags?post=1477"}],"curies":[{"name":"wp","href":"https:\/\/api.w.org\/{rel}","templated":true}]}}