{"id":1237,"date":"2017-02-27T12:15:22","date_gmt":"2017-02-27T10:15:22","guid":{"rendered":"https:\/\/ambcopenaghen.esteri.it\/news\/dall_ambasciata\/2017\/02\/v-giornata-dei-ricercatori-italiani-2\/"},"modified":"2017-02-27T12:15:22","modified_gmt":"2017-02-27T10:15:22","slug":"v-giornata-dei-ricercatori-italiani-2","status":"publish","type":"post","link":"https:\/\/ambcopenaghen.esteri.it\/da\/news\/dall_ambasciata\/2017\/02\/v-giornata-dei-ricercatori-italiani-2\/","title":{"rendered":"5. \u00c5rsm\u00f8de for italienske forskere i Danmark og \u00d8resundsregionen, efterfulgt af det \u00e5rlige \u00d8konomiske R\u00e5dsm\u00f8de."},"content":{"rendered":"<p style=\"text-align: justify;\">Traditionen tro var forskningen i fokus i det tidlige for\u00e5r i K\u00f8benhavn. D. 16. februar dannede den italienske ambassad\u00f8rbolig i det Gl\u00fccksburgske Pal\u00e6 s\u00e5ledes rammen om det 5. \u00c5rsm\u00f8de for italienske forskere i Danmark og \u00d8resundsregionen med deltagelse af et stort antal italienske forskere, der alle bor og arbejder i Danmark og \u00d8resundsregionen.<\/p>\n<p style=\"text-align: center;\"><img decoding=\"async\" style=\"display: block; margin-left: auto; margin-right: auto;\" src=\"resource\/img\/2017\/02\/gr17_speakers.jpg\" alt=\"gr17 speakers\" \/><em>\u00a0Fra venstre ses: Oberst Inturri (Italiens Ambassade i Berlin), Min.Plen. Fabrizio Nicoletti (Det italienske Udenrigs- og Udviklingsministerium), Prof. Salvatore Settis (Accademia dei Lincei, Louvre Museet), Prof. Federico Ravenna (Nationalbanken), Ambassad\u00f8r Stefano Queirolo Palmas, Anders W\u00fcrtzen (M\u00e6rsk), Henrik Otto Jensen (Niels Winther), Hans Bruyninckx (Det Europ\u00e6iske Milj\u00f8agentur), Stefano Laporta (ISPRA), Dario Beccarini (Universit\u00e0 di Tor Vergata) &#8211; (foto Hasse Ferrold)<\/em><\/p>\n<p style=\"text-align: justify;\">\u00a0<\/p>\n<p style=\"text-align: justify;\">\u00c5rsm\u00f8dets tre temaer var \u00f8konomi, milj\u00f8 og kultur. I den f\u00f8rste session pr\u00e6senterede M\u00e6rsk Vice President Anders W\u00fcrtzen koncernens investeringer i havnen i Vado Ligure, mens Federico Ravenna, der er chef for Nationalbankens forskningsenhed, understregede betydningen af centralbankernes selvst\u00e6ndige forskning.<\/p>\n<table style=\"width: 749px; height: 310px;\">\n<tbody>\n<tr>\n<td>\n<p style=\"text-align: center;\"><img loading=\"lazy\" decoding=\"async\" style=\"display: block; margin-left: auto; margin-right: auto;\" src=\"resource\/img\/2017\/02\/gr17_wurtzen.jpg\" alt=\"gr17 wurtzen\" height=\"225\" width=\"354\" \/><em>Anders W\u00fcrtzen, VP Head of Public Affairs, M\u00e6rsk<br \/><\/em><em>(foto Hasse Ferrold)<\/em><\/p>\n<\/td>\n<td style=\"text-align: center;\"><img loading=\"lazy\" decoding=\"async\" style=\"display: block; margin-left: auto; margin-right: auto;\" src=\"resource\/img\/2017\/02\/gr17_ravenna.jpg\" alt=\"gr17 ravenna\" height=\"224\" width=\"341\" \/><em>Federico Ravenna, Head of Research, Danmarks Nationalbank<\/em><br \/><em>(foto Hasse Ferrold)<\/em><\/td>\n<\/tr>\n<\/tbody>\n<\/table>\n<p style=\"text-align: justify;\">Milj\u00f8-sessionen blev d\u00e6kket af Pr\u00e6sidenten for ISPRA, Stefano Laporta, og af Direkt\u00f8ren for Det Europ\u00e6iske Milj\u00f8agentur, Hans Bruyninckx, der pr\u00e6senterede den nyligt indg\u00e5ede bilaterale samarbejdsaftale, som har udgangspunkt i \u00f8kosystemet jf. FN\u2019s Millennium Development Goals.<\/p>\n<p style=\"text-align: center;\"><img loading=\"lazy\" decoding=\"async\" style=\"display: block; margin-left: auto; margin-right: auto;\" src=\"resource\/img\/2017\/02\/gr17_bruy.jpg\" alt=\"gr17 bruy\" height=\"249\" width=\"368\" \/><em>Hans Bruyninckx, Direkt\u00f8r, Det Europ\u00e6iske Milij\u00f8agentur<\/em><br \/><em>(foto Hasse Ferrold)<\/em><\/p>\n<p style=\"text-align: center;\">\u00a0<\/p>\n<p style=\"text-align: justify;\">Fabrizio Nicoletti, der er Direkt\u00f8r for internationalisering af videnskab og teknologi ved det italienske udenrigsministerium, understregede ministeriets rolle med at fremme forskningen ogs\u00e5 kva en involvering af netv\u00e6rket af italienske akademikere, der arbejder i udlandet.<\/p>\n<p style=\"text-align: center;\"><img loading=\"lazy\" decoding=\"async\" src=\"resource\/img\/2017\/02\/gr17_nicoletti.jpg\" alt=\"gr17 nicoletti\" height=\"274\" width=\"381\" \/><br \/><em>Fabrizio Nicoletti, Direkt\u00f8r for internationalisering af videnskab og teknologi<br \/>ved det Italienske Udenrigsministerium <\/em><em>(foto Hasse Ferrold)<\/em><\/p>\n<p style=\"text-align: justify;\">Emnet for Prof. Salvatore Settis\u2019 indl\u00e6g var fremtiden for den store Torlonia-kunstsamling efter indg\u00e5elsen af en samarbejdsaftale med Italien, medens Ny Carlsberg Glyptotek (der er det private museum udenfor Italien, som har den st\u00f8rste etruskiske samling) roste den aftale, som museet efter lange forhandlinger indgik med Rom sidste sommer. Takket v\u00e6re denne aftale er dyrebare genstande blevet leveret tilbage til Italien, mens andre antikke samlinger i fremtiden vil blive udl\u00e5nt til Glyptoteket. Det italienske kulturministerium og Kulturminister Dario Francheschini har spillet en vigtig rolle for indg\u00e5elsen af disse aftaler.<\/p>\n<p style=\"text-align: center;\"><img loading=\"lazy\" decoding=\"async\" src=\"resource\/img\/2017\/02\/gr17_settis2.jpg\" alt=\"gr17 settis2\" height=\"345\" width=\"460\" \/><br \/><em>Prof. Salvatore Settis, Medlem af Accademia dei Lincei og Formand for Louvre Museets Videnskabelige Komit\u00e9<br \/>(foto Hasse Ferrold)<\/em><\/p>\n<p style=\"text-align: center;\">\u00a0<\/p>\n<p style=\"text-align: center;\"><img loading=\"lazy\" decoding=\"async\" src=\"resource\/img\/2017\/02\/gr17_platea.jpg\" alt=\"gr17 platea\" height=\"320\" width=\"487\" \/><br \/><em>Tilh\u00f8rerne<\/em><\/p>\n<p style=\"text-align: justify;\">\u00a0<\/p>\n<p style=\"text-align: justify;\">Den \u00e5rlige forskerdag er et led i ambassadens arbejde med at promovere Italien i Danmark. Aftenen forinden afholdtes den \u00e5rlige middag for erhvervsledere fra virksomheder der er engagerede i samhandlen mellem Danmark og Italien, med deltagelse af det danske udenrigsministerium, Dansk Industri og det italienske handelskammer.<\/p>\n<p style=\"text-align: center;\"><img decoding=\"async\" src=\"resource\/img\/2017\/02\/cena_ceo_2.jpg\" alt=\"cena ceo 2\" \/><br \/><em>Den \u00e5rlige CEO dinner<br \/><\/em><\/p>\n<p style=\"text-align: justify;\">\u00a0<\/p>\n<p style=\"text-align: justify;\">Som afslutning p\u00e5 det 5. \u00c5rsm\u00f8de afholdtes en networking lunch for forskere og erhvervslivets repr\u00e6sentanter. Efter frokosten fulgte en session, hvor ambassadens \u00f8konomiske attach\u00e9 analyserede tendenserne i den bilaterale samhandel mellem Danmark og Italien. Sluttelig fulgte to case studies af italienske investeringer i Danmark: Grimaldis \u2018motorveje\u2019 i Nords\u00f8en og Augusta-Westlands helikoptere, der servicerer de danske boreplatforme.<\/p>\n","protected":false},"excerpt":{"rendered":"Traditionen tro var forskningen i fokus i det tidlige for\u00e5r i K\u00f8benhavn. D. 16. februar dannede den italienske ambassad\u00f8rbolig i det Gl\u00fccksburgske Pal\u00e6 s\u00e5ledes rammen om det 5. \u00c5rsm\u00f8de for italienske forskere i Danmark og \u00d8resundsregionen med deltagelse af et stort antal italienske forskere, der alle bor og arbejder i Danmark og \u00d8resundsregionen. \u00a0Fra venstre [&hellip;]","protected":false},"author":1,"featured_media":0,"comment_status":"","ping_status":"","sticky":false,"template":"","format":"standard","meta":{"footnotes":""},"tags":[],"class_list":["post-1237","post","type-post","status-publish","format-standard","hentry"],"_links":{"self":[{"href":"https:\/\/ambcopenaghen.esteri.it\/da\/wp-json\/wp\/v2\/posts\/1237","targetHints":{"allow":["GET"]}}],"collection":[{"href":"https:\/\/ambcopenaghen.esteri.it\/da\/wp-json\/wp\/v2\/posts"}],"about":[{"href":"https:\/\/ambcopenaghen.esteri.it\/da\/wp-json\/wp\/v2\/types\/post"}],"author":[{"embeddable":true,"href":"https:\/\/ambcopenaghen.esteri.it\/da\/wp-json\/wp\/v2\/users\/1"}],"replies":[{"embeddable":true,"href":"https:\/\/ambcopenaghen.esteri.it\/da\/wp-json\/wp\/v2\/comments?post=1237"}],"version-history":[{"count":0,"href":"https:\/\/ambcopenaghen.esteri.it\/da\/wp-json\/wp\/v2\/posts\/1237\/revisions"}],"wp:attachment":[{"href":"https:\/\/ambcopenaghen.esteri.it\/da\/wp-json\/wp\/v2\/media?parent=1237"}],"wp:term":[{"taxonomy":"post_tag","embeddable":true,"href":"https:\/\/ambcopenaghen.esteri.it\/da\/wp-json\/wp\/v2\/tags?post=1237"}],"curies":[{"name":"wp","href":"https:\/\/api.w.org\/{rel}","templated":true}]}}